{"id":4179,"date":"2025-06-03T15:26:13","date_gmt":"2025-06-03T13:26:13","guid":{"rendered":"https:\/\/www.nordicbridal.com\/?p=4179"},"modified":"2025-06-03T15:26:14","modified_gmt":"2025-06-03T13:26:14","slug":"european-bridal-week-a-success-2","status":"publish","type":"post","link":"https:\/\/www.nordicbridal.com\/fi\/european-bridal-week-a-success-2\/","title":{"rendered":"European Bridal Week \u2013 2025"},"content":{"rendered":"\n<h2 class=\"wp-block-heading\"><strong><strong>Maaliskuun lopussa Messe Essen Saksassa muuttui j\u00e4lleen kerran syk\u00e4hdytt\u00e4v\u00e4ksi h\u00e4\u00e4muodin keskukseksi European Bridal Week 2025 -tapahtuman my\u00f6t\u00e4.<\/strong><\/strong><\/h2>\n\n\n\n<p><\/p>\n\n\n\n<p>Teksti &amp; Kuvat: <strong>Nordic Bridal Media<\/strong><\/p>\n\n\n\n<p>Ensinn\u00e4kin \u2013 kiitos kaikille teille, jotka l\u00e4hditte mukaamme European Bridal Weekiin! Oli, kuten aina, todella mukavaa n\u00e4hd\u00e4 teid\u00e4t kaikki taas! Arvostamme suuresti mahdollisuutta keskustella niin monien taitavien h\u00e4\u00e4alan asiantuntijoiden kanssa myym\u00e4l\u00f6iss\u00e4. Oli mielenkiintoista kuulla, miten teill\u00e4 menee, saada n\u00e4kemyst\u00e4 siit\u00e4, miten nykyp\u00e4iv\u00e4n morsiamet ajattelevat ja valitsevat \u2013 ja ennen kaikkea n\u00e4hd\u00e4, mit\u00e4 tuotteita p\u00e4\u00e4titte tilata. Toivottavasti tapaamme taas ensi vuonna!<\/p>\n\n\n\n<figure class=\"wp-block-gallery has-nested-images columns-6 is-cropped wp-block-gallery-1 is-layout-flex wp-block-gallery-is-layout-flex\">\n<figure class=\"wp-block-image size-large\"><img loading=\"lazy\" decoding=\"async\" width=\"1024\" height=\"683\" data-id=\"4201\" src=\"https:\/\/www.nordicbridal.com\/wp-content\/uploads\/2025\/06\/EBW_fashionshow_MKL-140-1024x683.jpg\" alt=\"\" class=\"wp-image-4201\" srcset=\"https:\/\/www.nordicbridal.com\/wp-content\/uploads\/2025\/06\/EBW_fashionshow_MKL-140-1024x683.jpg 1024w, https:\/\/www.nordicbridal.com\/wp-content\/uploads\/2025\/06\/EBW_fashionshow_MKL-140-300x200.jpg 300w, https:\/\/www.nordicbridal.com\/wp-content\/uploads\/2025\/06\/EBW_fashionshow_MKL-140-768x512.jpg 768w, https:\/\/www.nordicbridal.com\/wp-content\/uploads\/2025\/06\/EBW_fashionshow_MKL-140-1536x1024.jpg 1536w, https:\/\/www.nordicbridal.com\/wp-content\/uploads\/2025\/06\/EBW_fashionshow_MKL-140-2048x1365.jpg 2048w\" sizes=\"auto, (max-width: 1024px) 100vw, 1024px\" \/><\/figure>\n\n\n\n<figure class=\"wp-block-image size-large\"><img loading=\"lazy\" decoding=\"async\" width=\"1024\" height=\"683\" data-id=\"4202\" src=\"https:\/\/www.nordicbridal.com\/wp-content\/uploads\/2025\/06\/EBW_fashionshow_MKL-150-1024x683.jpg\" alt=\"\" class=\"wp-image-4202\" srcset=\"https:\/\/www.nordicbridal.com\/wp-content\/uploads\/2025\/06\/EBW_fashionshow_MKL-150-1024x683.jpg 1024w, https:\/\/www.nordicbridal.com\/wp-content\/uploads\/2025\/06\/EBW_fashionshow_MKL-150-300x200.jpg 300w, https:\/\/www.nordicbridal.com\/wp-content\/uploads\/2025\/06\/EBW_fashionshow_MKL-150-768x512.jpg 768w, https:\/\/www.nordicbridal.com\/wp-content\/uploads\/2025\/06\/EBW_fashionshow_MKL-150-1536x1024.jpg 1536w, https:\/\/www.nordicbridal.com\/wp-content\/uploads\/2025\/06\/EBW_fashionshow_MKL-150-2048x1365.jpg 2048w\" sizes=\"auto, (max-width: 1024px) 100vw, 1024px\" \/><\/figure>\n<\/figure>\n\n\n\n<p><strong>L\u00e4hes 500 mallistolla ja k\u00e4vij\u00f6ill\u00e4 54 eri maasta tapahtuma rikkoi enn\u00e4tyksi\u00e4 ja vahvisti asemansa Euroopan johtavana h\u00e4\u00e4- ja juhlapukeutumisen ammattitapahtumana.<\/strong><\/p>\n\n\n\n<p>European Bridal Week 2025:n voidaan turvallisesti todeta olleen menestys, kun ovet sulkeutuivat kolmen s\u00e4ihkyv\u00e4n p\u00e4iv\u00e4n j\u00e4lkeen Messe Esseniss\u00e4 Saksassa. L\u00e4hes 500 mallistoa ja k\u00e4vij\u00e4t 54 maasta \u2013 tapahtuma rikkoi enn\u00e4tyksi\u00e4 ja vahvisti asemansa Euroopan johtavana h\u00e4\u00e4- ja juhlamuodin kohtaamispaikkana.<\/p>\n\n\n\n<p>Teemalla &#8220;Crafting Dreams Into Reality&#8221; messut olivat t\u00e4ynn\u00e4 intoa, luovuutta ja kest\u00e4v\u00e4n kehityksen painotusta. Tunnetut merkit kuten Allure Bridals, Demetrios, Justin Alexander ja Rosa Clar\u00e1 Group esitteliv\u00e4t vuoden 2026 mallistonsa \u2013 tarjoten inspiraatiota klassisella eleganssilla ja moderneilla vivahteilla.<\/p>\n\n\n\n<p>Ohjelmassa oli vaikuttavia muotin\u00e4yt\u00f6ksi\u00e4 ja runsaasti verkostoitumismahdollisuuksia, kuten rentoja &#8220;Meet &amp; Greet&#8221; -tapaamisia. European Bridal Week 2025 oli vahva osoitus alan kyvyst\u00e4 uudistua \u2013 tyylill\u00e4, yhteisty\u00f6ll\u00e4 ja tulevaisuudenuskolla.<\/p>\n\n\n\n<p>Vuoden 2026 messusuunnitelmat ovat jo valmiina \u2013 tapahtuma j\u00e4rjestet\u00e4\u00e4n j\u00e4lleen <strong>Messe Esseniss\u00e4 28.\u201330. maaliskuuta 2026.<\/strong> Tapahtuma j\u00e4rjestet\u00e4\u00e4n tarkoituksella varhain sesongin alussa, jotta j\u00e4lleenmyyj\u00e4t ehtiv\u00e4t saada toimitukset juuri vilkkaimpaan aikaan.<\/p>\n\n\n\n<h2 class=\"wp-block-heading\">Messutunnelmia kuvina!<\/h2>\n\n\n\n<div class=\"wp-block-columns is-layout-flex wp-container-core-columns-is-layout-9d6595d7 wp-block-columns-is-layout-flex\">\n<div class=\"wp-block-column is-layout-flow wp-block-column-is-layout-flow\">\n<figure class=\"wp-block-image size-large\"><img loading=\"lazy\" decoding=\"async\" width=\"1024\" height=\"683\" src=\"https:\/\/www.nordicbridal.com\/wp-content\/uploads\/2025\/06\/EBW_fashionshow_MKL-106-1024x683.jpg\" alt=\"\" class=\"wp-image-4182\" srcset=\"https:\/\/www.nordicbridal.com\/wp-content\/uploads\/2025\/06\/EBW_fashionshow_MKL-106-1024x683.jpg 1024w, https:\/\/www.nordicbridal.com\/wp-content\/uploads\/2025\/06\/EBW_fashionshow_MKL-106-300x200.jpg 300w, https:\/\/www.nordicbridal.com\/wp-content\/uploads\/2025\/06\/EBW_fashionshow_MKL-106-768x512.jpg 768w, https:\/\/www.nordicbridal.com\/wp-content\/uploads\/2025\/06\/EBW_fashionshow_MKL-106-1536x1024.jpg 1536w, https:\/\/www.nordicbridal.com\/wp-content\/uploads\/2025\/06\/EBW_fashionshow_MKL-106-2048x1365.jpg 2048w\" sizes=\"auto, (max-width: 1024px) 100vw, 1024px\" \/><\/figure>\n\n\n\n<p>Helene Beckeman Nordic Agency Groupista edusti Morilee \/ Veni Infantino -merkki\u00e4.<\/p>\n<\/div>\n\n\n\n<div class=\"wp-block-column is-layout-flow wp-block-column-is-layout-flow\">\n<figure class=\"wp-block-image size-large\"><img loading=\"lazy\" decoding=\"async\" width=\"1024\" height=\"683\" src=\"https:\/\/www.nordicbridal.com\/wp-content\/uploads\/2025\/06\/EBW_fashionshow_MKL-121-1024x683.jpg\" alt=\"\" class=\"wp-image-4183\" srcset=\"https:\/\/www.nordicbridal.com\/wp-content\/uploads\/2025\/06\/EBW_fashionshow_MKL-121-1024x683.jpg 1024w, https:\/\/www.nordicbridal.com\/wp-content\/uploads\/2025\/06\/EBW_fashionshow_MKL-121-300x200.jpg 300w, https:\/\/www.nordicbridal.com\/wp-content\/uploads\/2025\/06\/EBW_fashionshow_MKL-121-768x512.jpg 768w, https:\/\/www.nordicbridal.com\/wp-content\/uploads\/2025\/06\/EBW_fashionshow_MKL-121-1536x1024.jpg 1536w, https:\/\/www.nordicbridal.com\/wp-content\/uploads\/2025\/06\/EBW_fashionshow_MKL-121-2048x1365.jpg 2048w\" sizes=\"auto, (max-width: 1024px) 100vw, 1024px\" \/><\/figure>\n\n\n\n<p>Hans ja Charlotte (Lykke Brudekjoler) ostivat uusia h\u00e4\u00e4pukuja myym\u00e4l\u00e4\u00e4ns\u00e4.<\/p>\n<\/div>\n<\/div>\n\n\n\n<figure class=\"wp-block-gallery has-nested-images columns-2 is-cropped wp-block-gallery-2 is-layout-flex wp-block-gallery-is-layout-flex\">\n<figure class=\"wp-block-image size-large\"><img loading=\"lazy\" decoding=\"async\" width=\"1024\" height=\"683\" data-id=\"4184\" src=\"https:\/\/www.nordicbridal.com\/wp-content\/uploads\/2025\/06\/EBW_fashionshow_MKL-122-1024x683.jpg\" alt=\"\" class=\"wp-image-4184\" srcset=\"https:\/\/www.nordicbridal.com\/wp-content\/uploads\/2025\/06\/EBW_fashionshow_MKL-122-1024x683.jpg 1024w, https:\/\/www.nordicbridal.com\/wp-content\/uploads\/2025\/06\/EBW_fashionshow_MKL-122-300x200.jpg 300w, https:\/\/www.nordicbridal.com\/wp-content\/uploads\/2025\/06\/EBW_fashionshow_MKL-122-768x512.jpg 768w, https:\/\/www.nordicbridal.com\/wp-content\/uploads\/2025\/06\/EBW_fashionshow_MKL-122-1536x1024.jpg 1536w, https:\/\/www.nordicbridal.com\/wp-content\/uploads\/2025\/06\/EBW_fashionshow_MKL-122-2048x1365.jpg 2048w\" sizes=\"auto, (max-width: 1024px) 100vw, 1024px\" \/><\/figure>\n<\/figure>\n\n\n\n<p>Nordic Lounge -alueemme sai paljon kiitosta. Tauko ostoskierroksella ja lasillinen kuohuvaa oli suosittua niin liikkeiden kuin tavarantoimittajien keskuudessa.<\/p>\n\n\n\n<figure class=\"wp-block-gallery has-nested-images columns-3 wp-block-gallery-3 is-layout-flex wp-block-gallery-is-layout-flex\">\n<figure class=\"wp-block-image size-full\"><a href=\"https:\/\/www.nordicbridal.com\/wp-content\/uploads\/2025\/06\/EBW_fashionshow_MKL-113-scaled.jpg\"><img loading=\"lazy\" decoding=\"async\" width=\"2560\" height=\"1707\" data-id=\"4186\" src=\"https:\/\/www.nordicbridal.com\/wp-content\/uploads\/2025\/06\/EBW_fashionshow_MKL-113-scaled.jpg\" alt=\"\" class=\"wp-image-4186\" srcset=\"https:\/\/www.nordicbridal.com\/wp-content\/uploads\/2025\/06\/EBW_fashionshow_MKL-113-scaled.jpg 2560w, https:\/\/www.nordicbridal.com\/wp-content\/uploads\/2025\/06\/EBW_fashionshow_MKL-113-300x200.jpg 300w, https:\/\/www.nordicbridal.com\/wp-content\/uploads\/2025\/06\/EBW_fashionshow_MKL-113-1024x683.jpg 1024w, https:\/\/www.nordicbridal.com\/wp-content\/uploads\/2025\/06\/EBW_fashionshow_MKL-113-768x512.jpg 768w, https:\/\/www.nordicbridal.com\/wp-content\/uploads\/2025\/06\/EBW_fashionshow_MKL-113-1536x1024.jpg 1536w, https:\/\/www.nordicbridal.com\/wp-content\/uploads\/2025\/06\/EBW_fashionshow_MKL-113-2048x1365.jpg 2048w\" sizes=\"auto, (max-width: 2560px) 100vw, 2560px\" \/><\/a><\/figure>\n\n\n\n<figure class=\"wp-block-image size-full\"><a href=\"https:\/\/www.nordicbridal.com\/wp-content\/uploads\/2025\/06\/EBW_fashionshow_MKL-105-scaled.jpg\"><img loading=\"lazy\" decoding=\"async\" width=\"2560\" height=\"1707\" data-id=\"4187\" src=\"https:\/\/www.nordicbridal.com\/wp-content\/uploads\/2025\/06\/EBW_fashionshow_MKL-105-scaled.jpg\" alt=\"\" class=\"wp-image-4187\" srcset=\"https:\/\/www.nordicbridal.com\/wp-content\/uploads\/2025\/06\/EBW_fashionshow_MKL-105-scaled.jpg 2560w, https:\/\/www.nordicbridal.com\/wp-content\/uploads\/2025\/06\/EBW_fashionshow_MKL-105-300x200.jpg 300w, https:\/\/www.nordicbridal.com\/wp-content\/uploads\/2025\/06\/EBW_fashionshow_MKL-105-1024x683.jpg 1024w, https:\/\/www.nordicbridal.com\/wp-content\/uploads\/2025\/06\/EBW_fashionshow_MKL-105-768x512.jpg 768w, https:\/\/www.nordicbridal.com\/wp-content\/uploads\/2025\/06\/EBW_fashionshow_MKL-105-1536x1024.jpg 1536w, https:\/\/www.nordicbridal.com\/wp-content\/uploads\/2025\/06\/EBW_fashionshow_MKL-105-2048x1365.jpg 2048w\" sizes=\"auto, (max-width: 2560px) 100vw, 2560px\" \/><\/a><\/figure>\n<\/figure>\n\n\n\n<div class=\"wp-block-columns is-layout-flex wp-container-core-columns-is-layout-9d6595d7 wp-block-columns-is-layout-flex\">\n<div class=\"wp-block-column is-layout-flow wp-block-column-is-layout-flow\">\n<p>Azuree Bridal esitteli mallistonsa ensimm\u00e4ist\u00e4 kertaa \u2013 vaikuttava kokonaisuus!<\/p>\n<\/div>\n\n\n\n<div class=\"wp-block-column is-layout-flow wp-block-column-is-layout-flow\">\n<p>Mallit tekiv\u00e4t upeaa ty\u00f6t\u00e4 esitelless\u00e4\u00e4n h\u00e4\u00e4mekkoja.<\/p>\n<\/div>\n<\/div>\n\n\n\n<h2 class=\"wp-block-heading\">J\u00e4lleenmyyj\u00e4t keski\u00f6ss\u00e4<\/h2>\n\n\n\n<p>Tapahtuma houkutteli j\u00e4lleenmyyji\u00e4 yli 54 maasta, mukaan lukien yli viisikymment\u00e4 pohjoismaista h\u00e4\u00e4pukuliikett\u00e4. He k\u00e4yttiv\u00e4t tilaisuuden hyv\u00e4kseen tutustuakseen uusiin mallistoihin ja solmiakseen yhteisty\u00f6t\u00e4 suunnittelijoiden kanssa. Suurta kiinnostusta her\u00e4ttiv\u00e4t mallistot, joissa yhdistyv\u00e4t laatu ja saavutettavuus \u2013 erityisesti ne, jotka tarjoavat joustavia toimitusvaihtoehtoja ja kilpailukykyisi\u00e4 hintoja.<\/p>\n\n\n\n<h2 class=\"wp-block-heading\">Alan omat sanat<\/h2>\n\n\n\n<p>N\u00e4ytteilleasettajien palaute oli poikkeuksellisen positiivista, ja monet korostivat tapahtuman ammattimaista j\u00e4rjestely\u00e4 ja sen merkityst\u00e4 alan innovaatiolle:<\/p>\n\n\n\n<p><em>\u201cT\u00e4m\u00e4n vuoden European Bridal Week Esseniss\u00e4 oli meille upea kokemus. Saatuamme viime vuonna EBW-palkinnon parhaasta juhla- ja iltapukumallistosta, olimme eritt\u00e4in tyytyv\u00e4isi\u00e4 uuden 2026-mallistomme vastaanottoon. K\u00e4vij\u00e4m\u00e4\u00e4r\u00e4 ylitti kaikki odotukset, ja se vahvistaa j\u00e4lleen EBW:n aseman yhten\u00e4 Euroopan johtavista h\u00e4\u00e4- ja juhlamuodin tapahtumista.\u201d<\/em><br>\u2013 <strong>Christian K\u00f6hlert<\/strong>, Christian Koehlertin omistaja ja toimitusjohtaja<\/p>\n\n\n\n<p><em>\u201cOlemme \u00e4\u00e4rett\u00f6m\u00e4n kiitollisia European Bridal Weekin ammattimaisesta organisoinnista. Se oli loistava tilaisuus tavata eurooppalaiset yhteisty\u00f6kumppanimme ja esitell\u00e4 uusi mallistomme. Tulokset ylittiv\u00e4t odotuksemme, ja odotamme jo innolla ensi vuotta!\u201d<\/em><br>\u2013 <strong>Adrian Latoszek<\/strong>, Dama Couturen omistaja<\/p>\n\n\n\n<p><em>\u201cEuropean Bridal Week \u2013 meille se on kuin kotipeli, jonka menestys on taattu!\u201d<\/em><br>\u2013 <strong>Irina Donner<\/strong>, Euro Mode Donner | Diane Legrand -yrityksen omistaja<\/p>\n\n\n\n<figure class=\"wp-block-gallery has-nested-images columns-default is-cropped wp-block-gallery-4 is-layout-flex wp-block-gallery-is-layout-flex\">\n<figure class=\"wp-block-image size-large\"><img loading=\"lazy\" decoding=\"async\" width=\"683\" height=\"1024\" data-id=\"4200\" src=\"https:\/\/www.nordicbridal.com\/wp-content\/uploads\/2025\/06\/EBW_fashionshow_MKL-139-683x1024.jpg\" alt=\"European Bridal Week 2025\" class=\"wp-image-4200\" srcset=\"https:\/\/www.nordicbridal.com\/wp-content\/uploads\/2025\/06\/EBW_fashionshow_MKL-139-683x1024.jpg 683w, https:\/\/www.nordicbridal.com\/wp-content\/uploads\/2025\/06\/EBW_fashionshow_MKL-139-200x300.jpg 200w, https:\/\/www.nordicbridal.com\/wp-content\/uploads\/2025\/06\/EBW_fashionshow_MKL-139-768x1152.jpg 768w, https:\/\/www.nordicbridal.com\/wp-content\/uploads\/2025\/06\/EBW_fashionshow_MKL-139-1024x1536.jpg 1024w, https:\/\/www.nordicbridal.com\/wp-content\/uploads\/2025\/06\/EBW_fashionshow_MKL-139-1365x2048.jpg 1365w, https:\/\/www.nordicbridal.com\/wp-content\/uploads\/2025\/06\/EBW_fashionshow_MKL-139-scaled.jpg 1707w\" sizes=\"auto, (max-width: 683px) 100vw, 683px\" \/><\/figure>\n\n\n\n<figure class=\"wp-block-image size-large\"><img loading=\"lazy\" decoding=\"async\" width=\"683\" height=\"1024\" data-id=\"4204\" src=\"https:\/\/www.nordicbridal.com\/wp-content\/uploads\/2025\/06\/EBW_fashionshow_MKL-302-683x1024.jpg\" alt=\"European Bridal Week 2025\" class=\"wp-image-4204\" srcset=\"https:\/\/www.nordicbridal.com\/wp-content\/uploads\/2025\/06\/EBW_fashionshow_MKL-302-683x1024.jpg 683w, https:\/\/www.nordicbridal.com\/wp-content\/uploads\/2025\/06\/EBW_fashionshow_MKL-302-200x300.jpg 200w, https:\/\/www.nordicbridal.com\/wp-content\/uploads\/2025\/06\/EBW_fashionshow_MKL-302-768x1152.jpg 768w, https:\/\/www.nordicbridal.com\/wp-content\/uploads\/2025\/06\/EBW_fashionshow_MKL-302-1024x1536.jpg 1024w, https:\/\/www.nordicbridal.com\/wp-content\/uploads\/2025\/06\/EBW_fashionshow_MKL-302-1365x2048.jpg 1365w, https:\/\/www.nordicbridal.com\/wp-content\/uploads\/2025\/06\/EBW_fashionshow_MKL-302-scaled.jpg 1707w\" sizes=\"auto, (max-width: 683px) 100vw, 683px\" \/><\/figure>\n\n\n\n<figure class=\"wp-block-image size-large\"><img loading=\"lazy\" decoding=\"async\" width=\"683\" height=\"1024\" data-id=\"4199\" src=\"https:\/\/www.nordicbridal.com\/wp-content\/uploads\/2025\/06\/EBW_fashionshow_MKL-138-683x1024.jpg\" alt=\"European Bridal Week 2025\" class=\"wp-image-4199\" srcset=\"https:\/\/www.nordicbridal.com\/wp-content\/uploads\/2025\/06\/EBW_fashionshow_MKL-138-683x1024.jpg 683w, https:\/\/www.nordicbridal.com\/wp-content\/uploads\/2025\/06\/EBW_fashionshow_MKL-138-200x300.jpg 200w, https:\/\/www.nordicbridal.com\/wp-content\/uploads\/2025\/06\/EBW_fashionshow_MKL-138-768x1152.jpg 768w, https:\/\/www.nordicbridal.com\/wp-content\/uploads\/2025\/06\/EBW_fashionshow_MKL-138-1024x1536.jpg 1024w, https:\/\/www.nordicbridal.com\/wp-content\/uploads\/2025\/06\/EBW_fashionshow_MKL-138-1365x2048.jpg 1365w, https:\/\/www.nordicbridal.com\/wp-content\/uploads\/2025\/06\/EBW_fashionshow_MKL-138-scaled.jpg 1707w\" sizes=\"auto, (max-width: 683px) 100vw, 683px\" \/><\/figure>\n\n\n\n<figure class=\"wp-block-image size-large\"><img loading=\"lazy\" decoding=\"async\" width=\"683\" height=\"1024\" data-id=\"4198\" src=\"https:\/\/www.nordicbridal.com\/wp-content\/uploads\/2025\/06\/EBW_fashionshow_MKL-125-683x1024.jpg\" alt=\"European Bridal Week 2025\" class=\"wp-image-4198\" srcset=\"https:\/\/www.nordicbridal.com\/wp-content\/uploads\/2025\/06\/EBW_fashionshow_MKL-125-683x1024.jpg 683w, https:\/\/www.nordicbridal.com\/wp-content\/uploads\/2025\/06\/EBW_fashionshow_MKL-125-200x300.jpg 200w, https:\/\/www.nordicbridal.com\/wp-content\/uploads\/2025\/06\/EBW_fashionshow_MKL-125-768x1152.jpg 768w, https:\/\/www.nordicbridal.com\/wp-content\/uploads\/2025\/06\/EBW_fashionshow_MKL-125-1024x1536.jpg 1024w, https:\/\/www.nordicbridal.com\/wp-content\/uploads\/2025\/06\/EBW_fashionshow_MKL-125-1365x2048.jpg 1365w, https:\/\/www.nordicbridal.com\/wp-content\/uploads\/2025\/06\/EBW_fashionshow_MKL-125-scaled.jpg 1707w\" sizes=\"auto, (max-width: 683px) 100vw, 683px\" \/><\/figure>\n\n\n\n<figure class=\"wp-block-image size-large\"><img loading=\"lazy\" decoding=\"async\" width=\"683\" height=\"1024\" data-id=\"4197\" src=\"https:\/\/www.nordicbridal.com\/wp-content\/uploads\/2025\/06\/EBW_fashionshow_MKL-110-683x1024.jpg\" alt=\"European Bridal Week 2025\" class=\"wp-image-4197\" srcset=\"https:\/\/www.nordicbridal.com\/wp-content\/uploads\/2025\/06\/EBW_fashionshow_MKL-110-683x1024.jpg 683w, https:\/\/www.nordicbridal.com\/wp-content\/uploads\/2025\/06\/EBW_fashionshow_MKL-110-200x300.jpg 200w, https:\/\/www.nordicbridal.com\/wp-content\/uploads\/2025\/06\/EBW_fashionshow_MKL-110-768x1152.jpg 768w, https:\/\/www.nordicbridal.com\/wp-content\/uploads\/2025\/06\/EBW_fashionshow_MKL-110-1024x1536.jpg 1024w, https:\/\/www.nordicbridal.com\/wp-content\/uploads\/2025\/06\/EBW_fashionshow_MKL-110-1365x2048.jpg 1365w, https:\/\/www.nordicbridal.com\/wp-content\/uploads\/2025\/06\/EBW_fashionshow_MKL-110-scaled.jpg 1707w\" sizes=\"auto, (max-width: 683px) 100vw, 683px\" \/><\/figure>\n\n\n\n<figure class=\"wp-block-image size-large\"><img loading=\"lazy\" decoding=\"async\" width=\"683\" height=\"1024\" data-id=\"4196\" src=\"https:\/\/www.nordicbridal.com\/wp-content\/uploads\/2025\/06\/EBW_fashionshow_MKL-107-683x1024.jpg\" alt=\"European Bridal Week 2025\" class=\"wp-image-4196\" srcset=\"https:\/\/www.nordicbridal.com\/wp-content\/uploads\/2025\/06\/EBW_fashionshow_MKL-107-683x1024.jpg 683w, https:\/\/www.nordicbridal.com\/wp-content\/uploads\/2025\/06\/EBW_fashionshow_MKL-107-200x300.jpg 200w, https:\/\/www.nordicbridal.com\/wp-content\/uploads\/2025\/06\/EBW_fashionshow_MKL-107-768x1152.jpg 768w, https:\/\/www.nordicbridal.com\/wp-content\/uploads\/2025\/06\/EBW_fashionshow_MKL-107-1024x1536.jpg 1024w, https:\/\/www.nordicbridal.com\/wp-content\/uploads\/2025\/06\/EBW_fashionshow_MKL-107-1365x2048.jpg 1365w, https:\/\/www.nordicbridal.com\/wp-content\/uploads\/2025\/06\/EBW_fashionshow_MKL-107-scaled.jpg 1707w\" sizes=\"auto, (max-width: 683px) 100vw, 683px\" \/><\/figure>\n\n\n\n<figure class=\"wp-block-image size-large\"><img loading=\"lazy\" decoding=\"async\" width=\"683\" height=\"1024\" data-id=\"4195\" src=\"https:\/\/www.nordicbridal.com\/wp-content\/uploads\/2025\/06\/EBW_fashionshow_MKL-103-683x1024.jpg\" alt=\"European Bridal Week 2025\" class=\"wp-image-4195\" srcset=\"https:\/\/www.nordicbridal.com\/wp-content\/uploads\/2025\/06\/EBW_fashionshow_MKL-103-683x1024.jpg 683w, https:\/\/www.nordicbridal.com\/wp-content\/uploads\/2025\/06\/EBW_fashionshow_MKL-103-200x300.jpg 200w, https:\/\/www.nordicbridal.com\/wp-content\/uploads\/2025\/06\/EBW_fashionshow_MKL-103-768x1152.jpg 768w, https:\/\/www.nordicbridal.com\/wp-content\/uploads\/2025\/06\/EBW_fashionshow_MKL-103-1024x1536.jpg 1024w, https:\/\/www.nordicbridal.com\/wp-content\/uploads\/2025\/06\/EBW_fashionshow_MKL-103-1365x2048.jpg 1365w, https:\/\/www.nordicbridal.com\/wp-content\/uploads\/2025\/06\/EBW_fashionshow_MKL-103-scaled.jpg 1707w\" sizes=\"auto, (max-width: 683px) 100vw, 683px\" \/><\/figure>\n\n\n\n<figure class=\"wp-block-image size-large\"><img loading=\"lazy\" decoding=\"async\" width=\"683\" height=\"1024\" data-id=\"4194\" src=\"https:\/\/www.nordicbridal.com\/wp-content\/uploads\/2025\/06\/EBW_fashionshow_MKL-098-683x1024.jpg\" alt=\"European Bridal Week 2025\" class=\"wp-image-4194\" srcset=\"https:\/\/www.nordicbridal.com\/wp-content\/uploads\/2025\/06\/EBW_fashionshow_MKL-098-683x1024.jpg 683w, https:\/\/www.nordicbridal.com\/wp-content\/uploads\/2025\/06\/EBW_fashionshow_MKL-098-200x300.jpg 200w, https:\/\/www.nordicbridal.com\/wp-content\/uploads\/2025\/06\/EBW_fashionshow_MKL-098-768x1152.jpg 768w, https:\/\/www.nordicbridal.com\/wp-content\/uploads\/2025\/06\/EBW_fashionshow_MKL-098-1024x1536.jpg 1024w, https:\/\/www.nordicbridal.com\/wp-content\/uploads\/2025\/06\/EBW_fashionshow_MKL-098-1365x2048.jpg 1365w, https:\/\/www.nordicbridal.com\/wp-content\/uploads\/2025\/06\/EBW_fashionshow_MKL-098-scaled.jpg 1707w\" sizes=\"auto, (max-width: 683px) 100vw, 683px\" \/><\/figure>\n\n\n\n<figure class=\"wp-block-image size-large\"><img loading=\"lazy\" decoding=\"async\" width=\"683\" height=\"1024\" data-id=\"4193\" src=\"https:\/\/www.nordicbridal.com\/wp-content\/uploads\/2025\/06\/EBW_fashionshow_MKL-096-683x1024.jpg\" alt=\"European Bridal Week 2025\" class=\"wp-image-4193\" srcset=\"https:\/\/www.nordicbridal.com\/wp-content\/uploads\/2025\/06\/EBW_fashionshow_MKL-096-683x1024.jpg 683w, https:\/\/www.nordicbridal.com\/wp-content\/uploads\/2025\/06\/EBW_fashionshow_MKL-096-200x300.jpg 200w, https:\/\/www.nordicbridal.com\/wp-content\/uploads\/2025\/06\/EBW_fashionshow_MKL-096-768x1152.jpg 768w, https:\/\/www.nordicbridal.com\/wp-content\/uploads\/2025\/06\/EBW_fashionshow_MKL-096-1024x1536.jpg 1024w, https:\/\/www.nordicbridal.com\/wp-content\/uploads\/2025\/06\/EBW_fashionshow_MKL-096-1365x2048.jpg 1365w, https:\/\/www.nordicbridal.com\/wp-content\/uploads\/2025\/06\/EBW_fashionshow_MKL-096-scaled.jpg 1707w\" sizes=\"auto, (max-width: 683px) 100vw, 683px\" \/><\/figure>\n\n\n\n<figure class=\"wp-block-image size-large\"><img loading=\"lazy\" decoding=\"async\" width=\"683\" height=\"1024\" data-id=\"4192\" src=\"https:\/\/www.nordicbridal.com\/wp-content\/uploads\/2025\/06\/EBW_fashionshow_MKL-094-683x1024.jpg\" alt=\"European Bridal Week 2025\" class=\"wp-image-4192\" srcset=\"https:\/\/www.nordicbridal.com\/wp-content\/uploads\/2025\/06\/EBW_fashionshow_MKL-094-683x1024.jpg 683w, https:\/\/www.nordicbridal.com\/wp-content\/uploads\/2025\/06\/EBW_fashionshow_MKL-094-200x300.jpg 200w, https:\/\/www.nordicbridal.com\/wp-content\/uploads\/2025\/06\/EBW_fashionshow_MKL-094-768x1152.jpg 768w, https:\/\/www.nordicbridal.com\/wp-content\/uploads\/2025\/06\/EBW_fashionshow_MKL-094-1024x1536.jpg 1024w, https:\/\/www.nordicbridal.com\/wp-content\/uploads\/2025\/06\/EBW_fashionshow_MKL-094-1365x2048.jpg 1365w, https:\/\/www.nordicbridal.com\/wp-content\/uploads\/2025\/06\/EBW_fashionshow_MKL-094-scaled.jpg 1707w\" sizes=\"auto, (max-width: 683px) 100vw, 683px\" \/><\/figure>\n\n\n\n<figure class=\"wp-block-image size-large\"><img loading=\"lazy\" decoding=\"async\" width=\"683\" height=\"1024\" data-id=\"4191\" src=\"https:\/\/www.nordicbridal.com\/wp-content\/uploads\/2025\/06\/EBW_fashionshow_MKL-088-683x1024.jpg\" alt=\"European Bridal Week 2025\" class=\"wp-image-4191\" srcset=\"https:\/\/www.nordicbridal.com\/wp-content\/uploads\/2025\/06\/EBW_fashionshow_MKL-088-683x1024.jpg 683w, https:\/\/www.nordicbridal.com\/wp-content\/uploads\/2025\/06\/EBW_fashionshow_MKL-088-200x300.jpg 200w, https:\/\/www.nordicbridal.com\/wp-content\/uploads\/2025\/06\/EBW_fashionshow_MKL-088-768x1152.jpg 768w, https:\/\/www.nordicbridal.com\/wp-content\/uploads\/2025\/06\/EBW_fashionshow_MKL-088-1024x1536.jpg 1024w, https:\/\/www.nordicbridal.com\/wp-content\/uploads\/2025\/06\/EBW_fashionshow_MKL-088-1365x2048.jpg 1365w, https:\/\/www.nordicbridal.com\/wp-content\/uploads\/2025\/06\/EBW_fashionshow_MKL-088-scaled.jpg 1707w\" sizes=\"auto, (max-width: 683px) 100vw, 683px\" \/><\/figure>\n\n\n\n<figure class=\"wp-block-image size-large\"><img loading=\"lazy\" decoding=\"async\" width=\"683\" height=\"1024\" data-id=\"4189\" src=\"https:\/\/www.nordicbridal.com\/wp-content\/uploads\/2025\/06\/EBW_fashionshow_MKL-059-683x1024.jpg\" alt=\"European Bridal Week 2025\" class=\"wp-image-4189\" srcset=\"https:\/\/www.nordicbridal.com\/wp-content\/uploads\/2025\/06\/EBW_fashionshow_MKL-059-683x1024.jpg 683w, https:\/\/www.nordicbridal.com\/wp-content\/uploads\/2025\/06\/EBW_fashionshow_MKL-059-200x300.jpg 200w, https:\/\/www.nordicbridal.com\/wp-content\/uploads\/2025\/06\/EBW_fashionshow_MKL-059-768x1152.jpg 768w, https:\/\/www.nordicbridal.com\/wp-content\/uploads\/2025\/06\/EBW_fashionshow_MKL-059-1024x1536.jpg 1024w, https:\/\/www.nordicbridal.com\/wp-content\/uploads\/2025\/06\/EBW_fashionshow_MKL-059-1365x2048.jpg 1365w, https:\/\/www.nordicbridal.com\/wp-content\/uploads\/2025\/06\/EBW_fashionshow_MKL-059-scaled.jpg 1707w\" sizes=\"auto, (max-width: 683px) 100vw, 683px\" \/><\/figure>\n<\/figure>\n\n\n\n<figure class=\"wp-block-gallery has-nested-images columns-1 is-cropped wp-block-gallery-5 is-layout-flex wp-block-gallery-is-layout-flex\">\n<figure class=\"wp-block-image size-large\"><img loading=\"lazy\" decoding=\"async\" width=\"1024\" height=\"683\" data-id=\"4185\" src=\"https:\/\/www.nordicbridal.com\/wp-content\/uploads\/2025\/06\/EBW_fashionshow_MKL-085-1024x683.jpg\" alt=\"\" class=\"wp-image-4185\" srcset=\"https:\/\/www.nordicbridal.com\/wp-content\/uploads\/2025\/06\/EBW_fashionshow_MKL-085-1024x683.jpg 1024w, https:\/\/www.nordicbridal.com\/wp-content\/uploads\/2025\/06\/EBW_fashionshow_MKL-085-300x200.jpg 300w, https:\/\/www.nordicbridal.com\/wp-content\/uploads\/2025\/06\/EBW_fashionshow_MKL-085-768x512.jpg 768w, https:\/\/www.nordicbridal.com\/wp-content\/uploads\/2025\/06\/EBW_fashionshow_MKL-085-1536x1024.jpg 1536w, https:\/\/www.nordicbridal.com\/wp-content\/uploads\/2025\/06\/EBW_fashionshow_MKL-085-2048x1365.jpg 2048w\" sizes=\"auto, (max-width: 1024px) 100vw, 1024px\" \/><\/figure>\n<\/figure>\n\n\n\n<h2 class=\"wp-block-heading\"><strong>N\u00e4hd\u00e4\u00e4n ensi vuonna!<\/strong><\/h2>\n\n\n\n<p><strong>Merkitse p\u00e4iv\u00e4t muistiin! 28.\u201330. maaliskuuta 2026, Messe Essen<\/strong><\/p>\n\n\n\n<div style=\"height:47px\" aria-hidden=\"true\" class=\"wp-block-spacer\"><\/div>\n\n\n\n<p><\/p>\n","protected":false},"excerpt":{"rendered":"<p> Ihana messu, t\u00e4ynn\u00e4 intoa, luovuutta ja kest\u00e4vyyteen keskittyv\u00e4\u00e4 ajattelua. &hellip; <a href=\"https:\/\/www.nordicbridal.com\/fi\/european-bridal-week-a-success-2\/\" class=\"more-link\"><span class=\"more-button\">L\u00e4s Mer<span class=\"screen-reader-text\">European Bridal Week \u2013 2025<\/span><\/span><\/a><\/p>\n","protected":false},"author":2,"featured_media":4185,"comment_status":"closed","ping_status":"open","sticky":false,"template":"","format":"standard","meta":{"footnotes":""},"categories":[7,9],"tags":[],"class_list":["post-4179","post","type-post","status-publish","format-standard","has-post-thumbnail","hentry","category-news","category-tradeshows"],"translation":{"provider":"WPGlobus","version":"3.0.2","language":"fi","enabled_languages":["en","sv","no","da","fi"],"languages":{"en":{"title":true,"content":true,"excerpt":true},"sv":{"title":true,"content":true,"excerpt":true},"no":{"title":true,"content":true,"excerpt":true},"da":{"title":true,"content":true,"excerpt":true},"fi":{"title":true,"content":true,"excerpt":true}}},"_links":{"self":[{"href":"https:\/\/www.nordicbridal.com\/fi\/wp-json\/wp\/v2\/posts\/4179","targetHints":{"allow":["GET"]}}],"collection":[{"href":"https:\/\/www.nordicbridal.com\/fi\/wp-json\/wp\/v2\/posts"}],"about":[{"href":"https:\/\/www.nordicbridal.com\/fi\/wp-json\/wp\/v2\/types\/post"}],"author":[{"embeddable":true,"href":"https:\/\/www.nordicbridal.com\/fi\/wp-json\/wp\/v2\/users\/2"}],"replies":[{"embeddable":true,"href":"https:\/\/www.nordicbridal.com\/fi\/wp-json\/wp\/v2\/comments?post=4179"}],"version-history":[{"count":23,"href":"https:\/\/www.nordicbridal.com\/fi\/wp-json\/wp\/v2\/posts\/4179\/revisions"}],"predecessor-version":[{"id":4234,"href":"https:\/\/www.nordicbridal.com\/fi\/wp-json\/wp\/v2\/posts\/4179\/revisions\/4234"}],"wp:featuredmedia":[{"embeddable":true,"href":"https:\/\/www.nordicbridal.com\/fi\/wp-json\/wp\/v2\/media\/4185"}],"wp:attachment":[{"href":"https:\/\/www.nordicbridal.com\/fi\/wp-json\/wp\/v2\/media?parent=4179"}],"wp:term":[{"taxonomy":"category","embeddable":true,"href":"https:\/\/www.nordicbridal.com\/fi\/wp-json\/wp\/v2\/categories?post=4179"},{"taxonomy":"post_tag","embeddable":true,"href":"https:\/\/www.nordicbridal.com\/fi\/wp-json\/wp\/v2\/tags?post=4179"}],"curies":[{"name":"wp","href":"https:\/\/api.w.org\/{rel}","templated":true}]}}