{"id":4179,"date":"2025-06-03T15:26:13","date_gmt":"2025-06-03T13:26:13","guid":{"rendered":"https:\/\/www.nordicbridal.com\/?p=4179"},"modified":"2025-06-03T15:26:14","modified_gmt":"2025-06-03T13:26:14","slug":"european-bridal-week-a-success-2","status":"publish","type":"post","link":"https:\/\/www.nordicbridal.com\/no\/european-bridal-week-a-success-2\/","title":{"rendered":"European Bridal Week 2025"},"content":{"rendered":"\n<h2 class=\"wp-block-heading\"><strong>I slutten av mars ble Messe Essen i Tyskland nok engang forvandlet til et pulserende sentrum for bryllupsmote under European Bridal Week 2025. <\/strong><\/h2>\n\n\n\n<p><\/p>\n\n\n\n<p>Tekst &amp; Foto: <strong>Nordic Bridal Media<\/strong><\/p>\n\n\n\n<p>F\u00f8rst og fremst &#8211; takk til alle dere som ble med oss til European Bridal Week! Det var, som alltid, veldig koselig \u00e5 se dere alle igjen! Vi setter stor pris p\u00e5 muligheten til \u00e5 prate med s\u00e5 mange dyktige bryllupseksperter ute i butikkene. Det var spennende \u00e5 h\u00f8re hvordan det g\u00e5r hos dere, f\u00e5 innsikt i hvordan dagens bruder tenker og velger \u2013 og ikke minst se hva dere valgte \u00e5 kj\u00f8pe inn. Vi h\u00e5per p\u00e5 gjensyn neste \u00e5r!<\/p>\n\n\n\n<figure class=\"wp-block-gallery has-nested-images columns-6 is-cropped wp-block-gallery-1 is-layout-flex wp-block-gallery-is-layout-flex\">\n<figure class=\"wp-block-image size-large\"><img loading=\"lazy\" decoding=\"async\" width=\"1024\" height=\"683\" data-id=\"4201\" src=\"https:\/\/www.nordicbridal.com\/wp-content\/uploads\/2025\/06\/EBW_fashionshow_MKL-140-1024x683.jpg\" alt=\"\" class=\"wp-image-4201\" srcset=\"https:\/\/www.nordicbridal.com\/wp-content\/uploads\/2025\/06\/EBW_fashionshow_MKL-140-1024x683.jpg 1024w, https:\/\/www.nordicbridal.com\/wp-content\/uploads\/2025\/06\/EBW_fashionshow_MKL-140-300x200.jpg 300w, https:\/\/www.nordicbridal.com\/wp-content\/uploads\/2025\/06\/EBW_fashionshow_MKL-140-768x512.jpg 768w, https:\/\/www.nordicbridal.com\/wp-content\/uploads\/2025\/06\/EBW_fashionshow_MKL-140-1536x1024.jpg 1536w, https:\/\/www.nordicbridal.com\/wp-content\/uploads\/2025\/06\/EBW_fashionshow_MKL-140-2048x1365.jpg 2048w\" sizes=\"auto, (max-width: 1024px) 100vw, 1024px\" \/><\/figure>\n\n\n\n<figure class=\"wp-block-image size-large\"><img loading=\"lazy\" decoding=\"async\" width=\"1024\" height=\"683\" data-id=\"4202\" src=\"https:\/\/www.nordicbridal.com\/wp-content\/uploads\/2025\/06\/EBW_fashionshow_MKL-150-1024x683.jpg\" alt=\"\" class=\"wp-image-4202\" srcset=\"https:\/\/www.nordicbridal.com\/wp-content\/uploads\/2025\/06\/EBW_fashionshow_MKL-150-1024x683.jpg 1024w, https:\/\/www.nordicbridal.com\/wp-content\/uploads\/2025\/06\/EBW_fashionshow_MKL-150-300x200.jpg 300w, https:\/\/www.nordicbridal.com\/wp-content\/uploads\/2025\/06\/EBW_fashionshow_MKL-150-768x512.jpg 768w, https:\/\/www.nordicbridal.com\/wp-content\/uploads\/2025\/06\/EBW_fashionshow_MKL-150-1536x1024.jpg 1536w, https:\/\/www.nordicbridal.com\/wp-content\/uploads\/2025\/06\/EBW_fashionshow_MKL-150-2048x1365.jpg 2048w\" sizes=\"auto, (max-width: 1024px) 100vw, 1024px\" \/><\/figure>\n<\/figure>\n\n\n\n<p><strong>Med nesten 500 kolleksjoner og bes\u00f8kende fra 54 land satte arrangementet ny rekord og bekreftet sin posisjon som Europas ledende bransjearena for brude- og selskapsmote.<\/strong><\/p>\n\n\n\n<p>European Bridal Week 2025 kunne trygt konstatere suksess da d\u00f8rene lukket seg etter tre glitrende dager p\u00e5 Messe Essen i Tyskland. Med nesten 500 kolleksjoner og bes\u00f8kende fra 54 land satte arrangementet ny rekord og bekreftet sin posisjon som Europas ledende bransjearena for brude- og selskapsmote.<\/p>\n\n\n\n<p>Under temaet &#8220;Crafting Dreams Into Reality&#8221; var messen fylt av entusiasme, kreativitet og fokus p\u00e5 b\u00e6rekraft. Kjente merker som Allure Bridals, Demetrios, Justin Alexander og Rosa Clar\u00e1 Group viste frem sine kolleksjoner for 2026, og inspirerte b\u00e5de med klassisk eleganse og moderne uttrykk.<\/p>\n\n\n\n<p>Programmet b\u00f8d p\u00e5 spektakul\u00e6re motevisninger og mange muligheter for nettverksbygging, blant annet uformelle &#8220;Meet &amp; Greet&#8221;-samlinger. European Bridal Week 2025 ble en tydelig markering av bransjens evne til \u00e5 fornyes \u2013 med stil, samarbeid og fremtidstro.<\/p>\n\n\n\n<p>Planene er allerede klare for messen i 2026, som igjen vil finne sted p\u00e5 <strong>Messe Essen 28-30. mars 2026. <\/strong>Messen arrangeres bevisst tidlig i sesongen for \u00e5 muliggj\u00f8re leveranser til forhandlerne p\u00e5 det tidspunktet de har mest \u00e5 gj\u00f8re. <\/p>\n\n\n\n<h2 class=\"wp-block-heading\">Snapshots fra messen!<\/h2>\n\n\n\n<div class=\"wp-block-columns is-layout-flex wp-container-core-columns-is-layout-9d6595d7 wp-block-columns-is-layout-flex\">\n<div class=\"wp-block-column is-layout-flow wp-block-column-is-layout-flow\">\n<figure class=\"wp-block-image size-large\"><img loading=\"lazy\" decoding=\"async\" width=\"1024\" height=\"683\" src=\"https:\/\/www.nordicbridal.com\/wp-content\/uploads\/2025\/06\/EBW_fashionshow_MKL-106-1024x683.jpg\" alt=\"\" class=\"wp-image-4182\" srcset=\"https:\/\/www.nordicbridal.com\/wp-content\/uploads\/2025\/06\/EBW_fashionshow_MKL-106-1024x683.jpg 1024w, https:\/\/www.nordicbridal.com\/wp-content\/uploads\/2025\/06\/EBW_fashionshow_MKL-106-300x200.jpg 300w, https:\/\/www.nordicbridal.com\/wp-content\/uploads\/2025\/06\/EBW_fashionshow_MKL-106-768x512.jpg 768w, https:\/\/www.nordicbridal.com\/wp-content\/uploads\/2025\/06\/EBW_fashionshow_MKL-106-1536x1024.jpg 1536w, https:\/\/www.nordicbridal.com\/wp-content\/uploads\/2025\/06\/EBW_fashionshow_MKL-106-2048x1365.jpg 2048w\" sizes=\"auto, (max-width: 1024px) 100vw, 1024px\" \/><\/figure>\n\n\n\n<p>Helene Beckeman fra Nordic Agency Group representerte Morilee \/ Veni Infantino.<\/p>\n<\/div>\n\n\n\n<div class=\"wp-block-column is-layout-flow wp-block-column-is-layout-flow\">\n<figure class=\"wp-block-image size-large\"><img loading=\"lazy\" decoding=\"async\" width=\"1024\" height=\"683\" src=\"https:\/\/www.nordicbridal.com\/wp-content\/uploads\/2025\/06\/EBW_fashionshow_MKL-121-1024x683.jpg\" alt=\"\" class=\"wp-image-4183\" srcset=\"https:\/\/www.nordicbridal.com\/wp-content\/uploads\/2025\/06\/EBW_fashionshow_MKL-121-1024x683.jpg 1024w, https:\/\/www.nordicbridal.com\/wp-content\/uploads\/2025\/06\/EBW_fashionshow_MKL-121-300x200.jpg 300w, https:\/\/www.nordicbridal.com\/wp-content\/uploads\/2025\/06\/EBW_fashionshow_MKL-121-768x512.jpg 768w, https:\/\/www.nordicbridal.com\/wp-content\/uploads\/2025\/06\/EBW_fashionshow_MKL-121-1536x1024.jpg 1536w, https:\/\/www.nordicbridal.com\/wp-content\/uploads\/2025\/06\/EBW_fashionshow_MKL-121-2048x1365.jpg 2048w\" sizes=\"auto, (max-width: 1024px) 100vw, 1024px\" \/><\/figure>\n\n\n\n<p>Hans og Charlotte (Lykke Brudekjoler) kj\u00f8pte inn nye kjoler til butikken.  <\/p>\n<\/div>\n<\/div>\n\n\n\n<figure class=\"wp-block-gallery has-nested-images columns-2 is-cropped wp-block-gallery-2 is-layout-flex wp-block-gallery-is-layout-flex\">\n<figure class=\"wp-block-image size-large\"><img loading=\"lazy\" decoding=\"async\" width=\"1024\" height=\"683\" data-id=\"4184\" src=\"https:\/\/www.nordicbridal.com\/wp-content\/uploads\/2025\/06\/EBW_fashionshow_MKL-122-1024x683.jpg\" alt=\"\" class=\"wp-image-4184\" srcset=\"https:\/\/www.nordicbridal.com\/wp-content\/uploads\/2025\/06\/EBW_fashionshow_MKL-122-1024x683.jpg 1024w, https:\/\/www.nordicbridal.com\/wp-content\/uploads\/2025\/06\/EBW_fashionshow_MKL-122-300x200.jpg 300w, https:\/\/www.nordicbridal.com\/wp-content\/uploads\/2025\/06\/EBW_fashionshow_MKL-122-768x512.jpg 768w, https:\/\/www.nordicbridal.com\/wp-content\/uploads\/2025\/06\/EBW_fashionshow_MKL-122-1536x1024.jpg 1536w, https:\/\/www.nordicbridal.com\/wp-content\/uploads\/2025\/06\/EBW_fashionshow_MKL-122-2048x1365.jpg 2048w\" sizes=\"auto, (max-width: 1024px) 100vw, 1024px\" \/><\/figure>\n<\/figure>\n\n\n\n<p>V\u00e5r Nordic Lounge ble satt pris p\u00e5. En pause i handlerunden og et glass med bobler var popul\u00e6rt b\u00e5de for butikker og leverand\u00f8rer.<\/p>\n\n\n\n<figure class=\"wp-block-gallery has-nested-images columns-3 wp-block-gallery-3 is-layout-flex wp-block-gallery-is-layout-flex\">\n<figure class=\"wp-block-image size-full\"><a href=\"https:\/\/www.nordicbridal.com\/wp-content\/uploads\/2025\/06\/EBW_fashionshow_MKL-113-scaled.jpg\"><img loading=\"lazy\" decoding=\"async\" width=\"2560\" height=\"1707\" data-id=\"4186\" src=\"https:\/\/www.nordicbridal.com\/wp-content\/uploads\/2025\/06\/EBW_fashionshow_MKL-113-scaled.jpg\" alt=\"\" class=\"wp-image-4186\" srcset=\"https:\/\/www.nordicbridal.com\/wp-content\/uploads\/2025\/06\/EBW_fashionshow_MKL-113-scaled.jpg 2560w, https:\/\/www.nordicbridal.com\/wp-content\/uploads\/2025\/06\/EBW_fashionshow_MKL-113-300x200.jpg 300w, https:\/\/www.nordicbridal.com\/wp-content\/uploads\/2025\/06\/EBW_fashionshow_MKL-113-1024x683.jpg 1024w, https:\/\/www.nordicbridal.com\/wp-content\/uploads\/2025\/06\/EBW_fashionshow_MKL-113-768x512.jpg 768w, https:\/\/www.nordicbridal.com\/wp-content\/uploads\/2025\/06\/EBW_fashionshow_MKL-113-1536x1024.jpg 1536w, https:\/\/www.nordicbridal.com\/wp-content\/uploads\/2025\/06\/EBW_fashionshow_MKL-113-2048x1365.jpg 2048w\" sizes=\"auto, (max-width: 2560px) 100vw, 2560px\" \/><\/a><\/figure>\n\n\n\n<figure class=\"wp-block-image size-full\"><a href=\"https:\/\/www.nordicbridal.com\/wp-content\/uploads\/2025\/06\/EBW_fashionshow_MKL-105-scaled.jpg\"><img loading=\"lazy\" decoding=\"async\" width=\"2560\" height=\"1707\" data-id=\"4187\" src=\"https:\/\/www.nordicbridal.com\/wp-content\/uploads\/2025\/06\/EBW_fashionshow_MKL-105-scaled.jpg\" alt=\"\" class=\"wp-image-4187\" srcset=\"https:\/\/www.nordicbridal.com\/wp-content\/uploads\/2025\/06\/EBW_fashionshow_MKL-105-scaled.jpg 2560w, https:\/\/www.nordicbridal.com\/wp-content\/uploads\/2025\/06\/EBW_fashionshow_MKL-105-300x200.jpg 300w, https:\/\/www.nordicbridal.com\/wp-content\/uploads\/2025\/06\/EBW_fashionshow_MKL-105-1024x683.jpg 1024w, https:\/\/www.nordicbridal.com\/wp-content\/uploads\/2025\/06\/EBW_fashionshow_MKL-105-768x512.jpg 768w, https:\/\/www.nordicbridal.com\/wp-content\/uploads\/2025\/06\/EBW_fashionshow_MKL-105-1536x1024.jpg 1536w, https:\/\/www.nordicbridal.com\/wp-content\/uploads\/2025\/06\/EBW_fashionshow_MKL-105-2048x1365.jpg 2048w\" sizes=\"auto, (max-width: 2560px) 100vw, 2560px\" \/><\/a><\/figure>\n<\/figure>\n\n\n\n<div class=\"wp-block-columns is-layout-flex wp-container-core-columns-is-layout-9d6595d7 wp-block-columns-is-layout-flex\">\n<div class=\"wp-block-column is-layout-flow wp-block-column-is-layout-flow\">\n<p>Azuree Bridal stilte ut for f\u00f8rste gang &#8211; med en imponerende kolleksjon!<\/p>\n<\/div>\n\n\n\n<div class=\"wp-block-column is-layout-flow wp-block-column-is-layout-flow\">\n<p>Modellene gjorde en fantastisk jobb med \u00e5 vise frem brudekjolene.<\/p>\n<\/div>\n<\/div>\n\n\n\n<h2 class=\"wp-block-heading\">Forhandlere i fokus<\/h2>\n\n\n\n<p>Messen tiltrakk seg forhandlere fra over 54 land, inkludert over femti nordiske brudebutikker. Disse benyttet anledningen til \u00e5 utforske nye kolleksjoner og etablere samarbeid med designere. Det var stor interesse for kolleksjoner som kombinerer kvalitet med tilgjengelighet, spesielt de som tilbyr fleksible leveringsalternativer og konkurransedyktige priser.<\/p>\n\n\n\n<h2 class=\"wp-block-heading\">Bransjens egne ord<\/h2>\n\n\n\n<p>Responsen fra utstillerne var overveldende positiv, og mange trekker frem arrangementets profesjonelle organisering og store betydning for innovasjon i bransjen:<\/p>\n\n\n\n<p><em>\u201c\u00c5rets European Bridal Week i Essen var en fantastisk opplevelse for oss. Etter \u00e5 ha mottatt EBW-prisen for Beste Ball- og Selskapskjolemerke i fjor, var vi sv\u00e6rt forn\u00f8yde med mottakelsen av v\u00e5r nye 2026-kolleksjon. Antall bes\u00f8kende overgikk alle forventninger, og det bekrefter igjen at EBW er en av de ledende m\u00f8teplassene for brude- og selskapsmote i Europa.\u201d<\/em><br>\u2013 <strong>Christian K\u00f6hlert<\/strong>, eier og daglig leder av Christian Koehlert<\/p>\n\n\n\n<p><em>\u201cVi er utrolig takknemlige for den profesjonelle organiseringen av European Bridal Week. Det var en fantastisk anledning til \u00e5 m\u00f8te v\u00e5re europeiske partnere og presentere v\u00e5r nye kolleksjon. Resultatene overgikk v\u00e5re forventninger, og vi gleder oss allerede til neste \u00e5r!\u201d<\/em><br>\u2013 <strong>Adrian Latoszek<\/strong>, eier av Dama Couture<\/p>\n\n\n\n<p><em>\u201cEuropean Bridal Week \u2013 for oss er det som et hjemmebanespill med garantert suksess!\u201d<\/em><br>\u2013 <strong>Irina Donner<\/strong>, eier av Euro Mode Donner | Diane Legrand<\/p>\n\n\n\n<figure class=\"wp-block-gallery has-nested-images columns-default is-cropped wp-block-gallery-4 is-layout-flex wp-block-gallery-is-layout-flex\">\n<figure class=\"wp-block-image size-large\"><img loading=\"lazy\" decoding=\"async\" width=\"683\" height=\"1024\" data-id=\"4200\" src=\"https:\/\/www.nordicbridal.com\/wp-content\/uploads\/2025\/06\/EBW_fashionshow_MKL-139-683x1024.jpg\" alt=\"European Bridal Week 2025\" class=\"wp-image-4200\" srcset=\"https:\/\/www.nordicbridal.com\/wp-content\/uploads\/2025\/06\/EBW_fashionshow_MKL-139-683x1024.jpg 683w, https:\/\/www.nordicbridal.com\/wp-content\/uploads\/2025\/06\/EBW_fashionshow_MKL-139-200x300.jpg 200w, https:\/\/www.nordicbridal.com\/wp-content\/uploads\/2025\/06\/EBW_fashionshow_MKL-139-768x1152.jpg 768w, https:\/\/www.nordicbridal.com\/wp-content\/uploads\/2025\/06\/EBW_fashionshow_MKL-139-1024x1536.jpg 1024w, https:\/\/www.nordicbridal.com\/wp-content\/uploads\/2025\/06\/EBW_fashionshow_MKL-139-1365x2048.jpg 1365w, https:\/\/www.nordicbridal.com\/wp-content\/uploads\/2025\/06\/EBW_fashionshow_MKL-139-scaled.jpg 1707w\" sizes=\"auto, (max-width: 683px) 100vw, 683px\" \/><\/figure>\n\n\n\n<figure class=\"wp-block-image size-large\"><img loading=\"lazy\" decoding=\"async\" width=\"683\" height=\"1024\" data-id=\"4204\" src=\"https:\/\/www.nordicbridal.com\/wp-content\/uploads\/2025\/06\/EBW_fashionshow_MKL-302-683x1024.jpg\" alt=\"European Bridal Week 2025\" class=\"wp-image-4204\" srcset=\"https:\/\/www.nordicbridal.com\/wp-content\/uploads\/2025\/06\/EBW_fashionshow_MKL-302-683x1024.jpg 683w, https:\/\/www.nordicbridal.com\/wp-content\/uploads\/2025\/06\/EBW_fashionshow_MKL-302-200x300.jpg 200w, https:\/\/www.nordicbridal.com\/wp-content\/uploads\/2025\/06\/EBW_fashionshow_MKL-302-768x1152.jpg 768w, https:\/\/www.nordicbridal.com\/wp-content\/uploads\/2025\/06\/EBW_fashionshow_MKL-302-1024x1536.jpg 1024w, https:\/\/www.nordicbridal.com\/wp-content\/uploads\/2025\/06\/EBW_fashionshow_MKL-302-1365x2048.jpg 1365w, https:\/\/www.nordicbridal.com\/wp-content\/uploads\/2025\/06\/EBW_fashionshow_MKL-302-scaled.jpg 1707w\" sizes=\"auto, (max-width: 683px) 100vw, 683px\" \/><\/figure>\n\n\n\n<figure class=\"wp-block-image size-large\"><img loading=\"lazy\" decoding=\"async\" width=\"683\" height=\"1024\" data-id=\"4199\" src=\"https:\/\/www.nordicbridal.com\/wp-content\/uploads\/2025\/06\/EBW_fashionshow_MKL-138-683x1024.jpg\" alt=\"European Bridal Week 2025\" class=\"wp-image-4199\" srcset=\"https:\/\/www.nordicbridal.com\/wp-content\/uploads\/2025\/06\/EBW_fashionshow_MKL-138-683x1024.jpg 683w, https:\/\/www.nordicbridal.com\/wp-content\/uploads\/2025\/06\/EBW_fashionshow_MKL-138-200x300.jpg 200w, https:\/\/www.nordicbridal.com\/wp-content\/uploads\/2025\/06\/EBW_fashionshow_MKL-138-768x1152.jpg 768w, https:\/\/www.nordicbridal.com\/wp-content\/uploads\/2025\/06\/EBW_fashionshow_MKL-138-1024x1536.jpg 1024w, https:\/\/www.nordicbridal.com\/wp-content\/uploads\/2025\/06\/EBW_fashionshow_MKL-138-1365x2048.jpg 1365w, https:\/\/www.nordicbridal.com\/wp-content\/uploads\/2025\/06\/EBW_fashionshow_MKL-138-scaled.jpg 1707w\" sizes=\"auto, (max-width: 683px) 100vw, 683px\" \/><\/figure>\n\n\n\n<figure class=\"wp-block-image size-large\"><img loading=\"lazy\" decoding=\"async\" width=\"683\" height=\"1024\" data-id=\"4198\" src=\"https:\/\/www.nordicbridal.com\/wp-content\/uploads\/2025\/06\/EBW_fashionshow_MKL-125-683x1024.jpg\" alt=\"European Bridal Week 2025\" class=\"wp-image-4198\" srcset=\"https:\/\/www.nordicbridal.com\/wp-content\/uploads\/2025\/06\/EBW_fashionshow_MKL-125-683x1024.jpg 683w, https:\/\/www.nordicbridal.com\/wp-content\/uploads\/2025\/06\/EBW_fashionshow_MKL-125-200x300.jpg 200w, https:\/\/www.nordicbridal.com\/wp-content\/uploads\/2025\/06\/EBW_fashionshow_MKL-125-768x1152.jpg 768w, https:\/\/www.nordicbridal.com\/wp-content\/uploads\/2025\/06\/EBW_fashionshow_MKL-125-1024x1536.jpg 1024w, https:\/\/www.nordicbridal.com\/wp-content\/uploads\/2025\/06\/EBW_fashionshow_MKL-125-1365x2048.jpg 1365w, https:\/\/www.nordicbridal.com\/wp-content\/uploads\/2025\/06\/EBW_fashionshow_MKL-125-scaled.jpg 1707w\" sizes=\"auto, (max-width: 683px) 100vw, 683px\" \/><\/figure>\n\n\n\n<figure class=\"wp-block-image size-large\"><img loading=\"lazy\" decoding=\"async\" width=\"683\" height=\"1024\" data-id=\"4197\" src=\"https:\/\/www.nordicbridal.com\/wp-content\/uploads\/2025\/06\/EBW_fashionshow_MKL-110-683x1024.jpg\" alt=\"European Bridal Week 2025\" class=\"wp-image-4197\" srcset=\"https:\/\/www.nordicbridal.com\/wp-content\/uploads\/2025\/06\/EBW_fashionshow_MKL-110-683x1024.jpg 683w, https:\/\/www.nordicbridal.com\/wp-content\/uploads\/2025\/06\/EBW_fashionshow_MKL-110-200x300.jpg 200w, https:\/\/www.nordicbridal.com\/wp-content\/uploads\/2025\/06\/EBW_fashionshow_MKL-110-768x1152.jpg 768w, https:\/\/www.nordicbridal.com\/wp-content\/uploads\/2025\/06\/EBW_fashionshow_MKL-110-1024x1536.jpg 1024w, https:\/\/www.nordicbridal.com\/wp-content\/uploads\/2025\/06\/EBW_fashionshow_MKL-110-1365x2048.jpg 1365w, https:\/\/www.nordicbridal.com\/wp-content\/uploads\/2025\/06\/EBW_fashionshow_MKL-110-scaled.jpg 1707w\" sizes=\"auto, (max-width: 683px) 100vw, 683px\" \/><\/figure>\n\n\n\n<figure class=\"wp-block-image size-large\"><img loading=\"lazy\" decoding=\"async\" width=\"683\" height=\"1024\" data-id=\"4196\" src=\"https:\/\/www.nordicbridal.com\/wp-content\/uploads\/2025\/06\/EBW_fashionshow_MKL-107-683x1024.jpg\" alt=\"European Bridal Week 2025\" class=\"wp-image-4196\" srcset=\"https:\/\/www.nordicbridal.com\/wp-content\/uploads\/2025\/06\/EBW_fashionshow_MKL-107-683x1024.jpg 683w, https:\/\/www.nordicbridal.com\/wp-content\/uploads\/2025\/06\/EBW_fashionshow_MKL-107-200x300.jpg 200w, https:\/\/www.nordicbridal.com\/wp-content\/uploads\/2025\/06\/EBW_fashionshow_MKL-107-768x1152.jpg 768w, https:\/\/www.nordicbridal.com\/wp-content\/uploads\/2025\/06\/EBW_fashionshow_MKL-107-1024x1536.jpg 1024w, https:\/\/www.nordicbridal.com\/wp-content\/uploads\/2025\/06\/EBW_fashionshow_MKL-107-1365x2048.jpg 1365w, https:\/\/www.nordicbridal.com\/wp-content\/uploads\/2025\/06\/EBW_fashionshow_MKL-107-scaled.jpg 1707w\" sizes=\"auto, (max-width: 683px) 100vw, 683px\" \/><\/figure>\n\n\n\n<figure class=\"wp-block-image size-large\"><img loading=\"lazy\" decoding=\"async\" width=\"683\" height=\"1024\" data-id=\"4195\" src=\"https:\/\/www.nordicbridal.com\/wp-content\/uploads\/2025\/06\/EBW_fashionshow_MKL-103-683x1024.jpg\" alt=\"European Bridal Week 2025\" class=\"wp-image-4195\" srcset=\"https:\/\/www.nordicbridal.com\/wp-content\/uploads\/2025\/06\/EBW_fashionshow_MKL-103-683x1024.jpg 683w, https:\/\/www.nordicbridal.com\/wp-content\/uploads\/2025\/06\/EBW_fashionshow_MKL-103-200x300.jpg 200w, https:\/\/www.nordicbridal.com\/wp-content\/uploads\/2025\/06\/EBW_fashionshow_MKL-103-768x1152.jpg 768w, https:\/\/www.nordicbridal.com\/wp-content\/uploads\/2025\/06\/EBW_fashionshow_MKL-103-1024x1536.jpg 1024w, https:\/\/www.nordicbridal.com\/wp-content\/uploads\/2025\/06\/EBW_fashionshow_MKL-103-1365x2048.jpg 1365w, https:\/\/www.nordicbridal.com\/wp-content\/uploads\/2025\/06\/EBW_fashionshow_MKL-103-scaled.jpg 1707w\" sizes=\"auto, (max-width: 683px) 100vw, 683px\" \/><\/figure>\n\n\n\n<figure class=\"wp-block-image size-large\"><img loading=\"lazy\" decoding=\"async\" width=\"683\" height=\"1024\" data-id=\"4194\" src=\"https:\/\/www.nordicbridal.com\/wp-content\/uploads\/2025\/06\/EBW_fashionshow_MKL-098-683x1024.jpg\" alt=\"European Bridal Week 2025\" class=\"wp-image-4194\" srcset=\"https:\/\/www.nordicbridal.com\/wp-content\/uploads\/2025\/06\/EBW_fashionshow_MKL-098-683x1024.jpg 683w, https:\/\/www.nordicbridal.com\/wp-content\/uploads\/2025\/06\/EBW_fashionshow_MKL-098-200x300.jpg 200w, https:\/\/www.nordicbridal.com\/wp-content\/uploads\/2025\/06\/EBW_fashionshow_MKL-098-768x1152.jpg 768w, https:\/\/www.nordicbridal.com\/wp-content\/uploads\/2025\/06\/EBW_fashionshow_MKL-098-1024x1536.jpg 1024w, https:\/\/www.nordicbridal.com\/wp-content\/uploads\/2025\/06\/EBW_fashionshow_MKL-098-1365x2048.jpg 1365w, https:\/\/www.nordicbridal.com\/wp-content\/uploads\/2025\/06\/EBW_fashionshow_MKL-098-scaled.jpg 1707w\" sizes=\"auto, (max-width: 683px) 100vw, 683px\" \/><\/figure>\n\n\n\n<figure class=\"wp-block-image size-large\"><img loading=\"lazy\" decoding=\"async\" width=\"683\" height=\"1024\" data-id=\"4193\" src=\"https:\/\/www.nordicbridal.com\/wp-content\/uploads\/2025\/06\/EBW_fashionshow_MKL-096-683x1024.jpg\" alt=\"European Bridal Week 2025\" class=\"wp-image-4193\" srcset=\"https:\/\/www.nordicbridal.com\/wp-content\/uploads\/2025\/06\/EBW_fashionshow_MKL-096-683x1024.jpg 683w, https:\/\/www.nordicbridal.com\/wp-content\/uploads\/2025\/06\/EBW_fashionshow_MKL-096-200x300.jpg 200w, https:\/\/www.nordicbridal.com\/wp-content\/uploads\/2025\/06\/EBW_fashionshow_MKL-096-768x1152.jpg 768w, https:\/\/www.nordicbridal.com\/wp-content\/uploads\/2025\/06\/EBW_fashionshow_MKL-096-1024x1536.jpg 1024w, https:\/\/www.nordicbridal.com\/wp-content\/uploads\/2025\/06\/EBW_fashionshow_MKL-096-1365x2048.jpg 1365w, https:\/\/www.nordicbridal.com\/wp-content\/uploads\/2025\/06\/EBW_fashionshow_MKL-096-scaled.jpg 1707w\" sizes=\"auto, (max-width: 683px) 100vw, 683px\" \/><\/figure>\n\n\n\n<figure class=\"wp-block-image size-large\"><img loading=\"lazy\" decoding=\"async\" width=\"683\" height=\"1024\" data-id=\"4192\" src=\"https:\/\/www.nordicbridal.com\/wp-content\/uploads\/2025\/06\/EBW_fashionshow_MKL-094-683x1024.jpg\" alt=\"European Bridal Week 2025\" class=\"wp-image-4192\" srcset=\"https:\/\/www.nordicbridal.com\/wp-content\/uploads\/2025\/06\/EBW_fashionshow_MKL-094-683x1024.jpg 683w, https:\/\/www.nordicbridal.com\/wp-content\/uploads\/2025\/06\/EBW_fashionshow_MKL-094-200x300.jpg 200w, https:\/\/www.nordicbridal.com\/wp-content\/uploads\/2025\/06\/EBW_fashionshow_MKL-094-768x1152.jpg 768w, https:\/\/www.nordicbridal.com\/wp-content\/uploads\/2025\/06\/EBW_fashionshow_MKL-094-1024x1536.jpg 1024w, https:\/\/www.nordicbridal.com\/wp-content\/uploads\/2025\/06\/EBW_fashionshow_MKL-094-1365x2048.jpg 1365w, https:\/\/www.nordicbridal.com\/wp-content\/uploads\/2025\/06\/EBW_fashionshow_MKL-094-scaled.jpg 1707w\" sizes=\"auto, (max-width: 683px) 100vw, 683px\" \/><\/figure>\n\n\n\n<figure class=\"wp-block-image size-large\"><img loading=\"lazy\" decoding=\"async\" width=\"683\" height=\"1024\" data-id=\"4191\" src=\"https:\/\/www.nordicbridal.com\/wp-content\/uploads\/2025\/06\/EBW_fashionshow_MKL-088-683x1024.jpg\" alt=\"European Bridal Week 2025\" class=\"wp-image-4191\" srcset=\"https:\/\/www.nordicbridal.com\/wp-content\/uploads\/2025\/06\/EBW_fashionshow_MKL-088-683x1024.jpg 683w, https:\/\/www.nordicbridal.com\/wp-content\/uploads\/2025\/06\/EBW_fashionshow_MKL-088-200x300.jpg 200w, https:\/\/www.nordicbridal.com\/wp-content\/uploads\/2025\/06\/EBW_fashionshow_MKL-088-768x1152.jpg 768w, https:\/\/www.nordicbridal.com\/wp-content\/uploads\/2025\/06\/EBW_fashionshow_MKL-088-1024x1536.jpg 1024w, https:\/\/www.nordicbridal.com\/wp-content\/uploads\/2025\/06\/EBW_fashionshow_MKL-088-1365x2048.jpg 1365w, https:\/\/www.nordicbridal.com\/wp-content\/uploads\/2025\/06\/EBW_fashionshow_MKL-088-scaled.jpg 1707w\" sizes=\"auto, (max-width: 683px) 100vw, 683px\" \/><\/figure>\n\n\n\n<figure class=\"wp-block-image size-large\"><img loading=\"lazy\" decoding=\"async\" width=\"683\" height=\"1024\" data-id=\"4189\" src=\"https:\/\/www.nordicbridal.com\/wp-content\/uploads\/2025\/06\/EBW_fashionshow_MKL-059-683x1024.jpg\" alt=\"European Bridal Week 2025\" class=\"wp-image-4189\" srcset=\"https:\/\/www.nordicbridal.com\/wp-content\/uploads\/2025\/06\/EBW_fashionshow_MKL-059-683x1024.jpg 683w, https:\/\/www.nordicbridal.com\/wp-content\/uploads\/2025\/06\/EBW_fashionshow_MKL-059-200x300.jpg 200w, https:\/\/www.nordicbridal.com\/wp-content\/uploads\/2025\/06\/EBW_fashionshow_MKL-059-768x1152.jpg 768w, https:\/\/www.nordicbridal.com\/wp-content\/uploads\/2025\/06\/EBW_fashionshow_MKL-059-1024x1536.jpg 1024w, https:\/\/www.nordicbridal.com\/wp-content\/uploads\/2025\/06\/EBW_fashionshow_MKL-059-1365x2048.jpg 1365w, https:\/\/www.nordicbridal.com\/wp-content\/uploads\/2025\/06\/EBW_fashionshow_MKL-059-scaled.jpg 1707w\" sizes=\"auto, (max-width: 683px) 100vw, 683px\" \/><\/figure>\n<\/figure>\n\n\n\n<figure class=\"wp-block-gallery has-nested-images columns-1 is-cropped wp-block-gallery-5 is-layout-flex wp-block-gallery-is-layout-flex\">\n<figure class=\"wp-block-image size-large\"><img loading=\"lazy\" decoding=\"async\" width=\"1024\" height=\"683\" data-id=\"4185\" src=\"https:\/\/www.nordicbridal.com\/wp-content\/uploads\/2025\/06\/EBW_fashionshow_MKL-085-1024x683.jpg\" alt=\"\" class=\"wp-image-4185\" srcset=\"https:\/\/www.nordicbridal.com\/wp-content\/uploads\/2025\/06\/EBW_fashionshow_MKL-085-1024x683.jpg 1024w, https:\/\/www.nordicbridal.com\/wp-content\/uploads\/2025\/06\/EBW_fashionshow_MKL-085-300x200.jpg 300w, https:\/\/www.nordicbridal.com\/wp-content\/uploads\/2025\/06\/EBW_fashionshow_MKL-085-768x512.jpg 768w, https:\/\/www.nordicbridal.com\/wp-content\/uploads\/2025\/06\/EBW_fashionshow_MKL-085-1536x1024.jpg 1536w, https:\/\/www.nordicbridal.com\/wp-content\/uploads\/2025\/06\/EBW_fashionshow_MKL-085-2048x1365.jpg 2048w\" sizes=\"auto, (max-width: 1024px) 100vw, 1024px\" \/><\/figure>\n<\/figure>\n\n\n\n<h2 class=\"wp-block-heading\">Vi sees igjen neste \u00e5r! <\/h2>\n\n\n\n<p><strong> Save the date! <strong>28-30. mars 2026.<\/strong><\/strong>, <strong>Messe Essen<\/strong><\/p>\n\n\n\n<div style=\"height:47px\" aria-hidden=\"true\" class=\"wp-block-spacer\"><\/div>\n\n\n\n<p><\/p>\n","protected":false},"excerpt":{"rendered":"<p> En fantastisk messe fylt med entusiasme, kreativitet og fokus p\u00e5 b\u00e6rekraft. &hellip; <a href=\"https:\/\/www.nordicbridal.com\/no\/european-bridal-week-a-success-2\/\" class=\"more-link\"><span class=\"more-button\">L\u00e4s Mer<span class=\"screen-reader-text\">European Bridal Week 2025<\/span><\/span><\/a><\/p>\n","protected":false},"author":2,"featured_media":4185,"comment_status":"closed","ping_status":"open","sticky":false,"template":"","format":"standard","meta":{"footnotes":""},"categories":[7,9],"tags":[],"class_list":["post-4179","post","type-post","status-publish","format-standard","has-post-thumbnail","hentry","category-news","category-tradeshows"],"translation":{"provider":"WPGlobus","version":"3.0.2","language":"no","enabled_languages":["en","sv","no","da","fi"],"languages":{"en":{"title":true,"content":true,"excerpt":true},"sv":{"title":true,"content":true,"excerpt":true},"no":{"title":true,"content":true,"excerpt":true},"da":{"title":true,"content":true,"excerpt":true},"fi":{"title":true,"content":true,"excerpt":true}}},"_links":{"self":[{"href":"https:\/\/www.nordicbridal.com\/no\/wp-json\/wp\/v2\/posts\/4179","targetHints":{"allow":["GET"]}}],"collection":[{"href":"https:\/\/www.nordicbridal.com\/no\/wp-json\/wp\/v2\/posts"}],"about":[{"href":"https:\/\/www.nordicbridal.com\/no\/wp-json\/wp\/v2\/types\/post"}],"author":[{"embeddable":true,"href":"https:\/\/www.nordicbridal.com\/no\/wp-json\/wp\/v2\/users\/2"}],"replies":[{"embeddable":true,"href":"https:\/\/www.nordicbridal.com\/no\/wp-json\/wp\/v2\/comments?post=4179"}],"version-history":[{"count":23,"href":"https:\/\/www.nordicbridal.com\/no\/wp-json\/wp\/v2\/posts\/4179\/revisions"}],"predecessor-version":[{"id":4234,"href":"https:\/\/www.nordicbridal.com\/no\/wp-json\/wp\/v2\/posts\/4179\/revisions\/4234"}],"wp:featuredmedia":[{"embeddable":true,"href":"https:\/\/www.nordicbridal.com\/no\/wp-json\/wp\/v2\/media\/4185"}],"wp:attachment":[{"href":"https:\/\/www.nordicbridal.com\/no\/wp-json\/wp\/v2\/media?parent=4179"}],"wp:term":[{"taxonomy":"category","embeddable":true,"href":"https:\/\/www.nordicbridal.com\/no\/wp-json\/wp\/v2\/categories?post=4179"},{"taxonomy":"post_tag","embeddable":true,"href":"https:\/\/www.nordicbridal.com\/no\/wp-json\/wp\/v2\/tags?post=4179"}],"curies":[{"name":"wp","href":"https:\/\/api.w.org\/{rel}","templated":true}]}}