{"id":4179,"date":"2025-06-03T15:26:13","date_gmt":"2025-06-03T13:26:13","guid":{"rendered":"https:\/\/www.nordicbridal.com\/?p=4179"},"modified":"2025-06-03T15:26:14","modified_gmt":"2025-06-03T13:26:14","slug":"european-bridal-week-a-success-2","status":"publish","type":"post","link":"https:\/\/www.nordicbridal.com\/sv\/european-bridal-week-a-success-2\/","title":{"rendered":"European Bridal Week 2025"},"content":{"rendered":"\n<h2 class=\"wp-block-heading\"><strong>I slutet av mars f\u00f6rvandlades Messe Essen i Tyskland \u00e5terigen till ett pulserande centrum f\u00f6r br\u00f6llopsmode under European Bridal Week 2025. <\/strong><\/h2>\n\n\n\n<p><\/p>\n\n\n\n<p>Text &amp; Foto: <strong>Nordic Bridal Media<\/strong><\/p>\n\n\n\n<p>F\u00f6rst och fr\u00e4mst \u2013 tack till alla er som f\u00f6ljde med oss till European Bridal Week! Det var, som alltid, v\u00e4ldigt trevligt att tr\u00e4ffa er alla igen! Vi uppskattar verkligen m\u00f6jligheten att prata med s\u00e5 m\u00e5nga skickliga br\u00f6llopsexperter ute i butikerna. Det var sp\u00e4nnande att h\u00f6ra hur det g\u00e5r hos er, f\u00e5 insikt i hur dagens brudar t\u00e4nker och v\u00e4ljer \u2013 och inte minst se vad ni valde att k\u00f6pa in. Vi hoppas p\u00e5 \u00e5terseende n\u00e4sta \u00e5r!<\/p>\n\n\n\n<figure class=\"wp-block-gallery has-nested-images columns-6 is-cropped wp-block-gallery-1 is-layout-flex wp-block-gallery-is-layout-flex\">\n<figure class=\"wp-block-image size-large\"><img loading=\"lazy\" decoding=\"async\" width=\"1024\" height=\"683\" data-id=\"4201\" src=\"https:\/\/www.nordicbridal.com\/wp-content\/uploads\/2025\/06\/EBW_fashionshow_MKL-140-1024x683.jpg\" alt=\"\" class=\"wp-image-4201\" srcset=\"https:\/\/www.nordicbridal.com\/wp-content\/uploads\/2025\/06\/EBW_fashionshow_MKL-140-1024x683.jpg 1024w, https:\/\/www.nordicbridal.com\/wp-content\/uploads\/2025\/06\/EBW_fashionshow_MKL-140-300x200.jpg 300w, https:\/\/www.nordicbridal.com\/wp-content\/uploads\/2025\/06\/EBW_fashionshow_MKL-140-768x512.jpg 768w, https:\/\/www.nordicbridal.com\/wp-content\/uploads\/2025\/06\/EBW_fashionshow_MKL-140-1536x1024.jpg 1536w, https:\/\/www.nordicbridal.com\/wp-content\/uploads\/2025\/06\/EBW_fashionshow_MKL-140-2048x1365.jpg 2048w\" sizes=\"auto, (max-width: 1024px) 100vw, 1024px\" \/><\/figure>\n\n\n\n<figure class=\"wp-block-image size-large\"><img loading=\"lazy\" decoding=\"async\" width=\"1024\" height=\"683\" data-id=\"4202\" src=\"https:\/\/www.nordicbridal.com\/wp-content\/uploads\/2025\/06\/EBW_fashionshow_MKL-150-1024x683.jpg\" alt=\"\" class=\"wp-image-4202\" srcset=\"https:\/\/www.nordicbridal.com\/wp-content\/uploads\/2025\/06\/EBW_fashionshow_MKL-150-1024x683.jpg 1024w, https:\/\/www.nordicbridal.com\/wp-content\/uploads\/2025\/06\/EBW_fashionshow_MKL-150-300x200.jpg 300w, https:\/\/www.nordicbridal.com\/wp-content\/uploads\/2025\/06\/EBW_fashionshow_MKL-150-768x512.jpg 768w, https:\/\/www.nordicbridal.com\/wp-content\/uploads\/2025\/06\/EBW_fashionshow_MKL-150-1536x1024.jpg 1536w, https:\/\/www.nordicbridal.com\/wp-content\/uploads\/2025\/06\/EBW_fashionshow_MKL-150-2048x1365.jpg 2048w\" sizes=\"auto, (max-width: 1024px) 100vw, 1024px\" \/><\/figure>\n<\/figure>\n\n\n\n<p><strong>Med n\u00e4stan 500 kollektioner och bes\u00f6kare fr\u00e5n 54 l\u00e4nder satte evenemanget nytt rekord och bekr\u00e4ftade sin position som Europas ledande branscharena f\u00f6r brud- och festmode.<\/strong><\/p>\n\n\n\n<p>European Bridal Week 2025 kunde tryggt konstatera succ\u00e9 n\u00e4r d\u00f6rrarna st\u00e4ngdes efter tre glittrande dagar p\u00e5 Messe Essen i Tyskland. Med n\u00e4stan 500 kollektioner och bes\u00f6kare fr\u00e5n 54 l\u00e4nder satte evenemanget nytt rekord och bekr\u00e4ftade sin position som Europas ledande branscharena f\u00f6r brud- och festmode.<\/p>\n\n\n\n<p>Under temat &#8221;Crafting Dreams Into Reality&#8221; var m\u00e4ssan fylld av entusiasm, kreativitet och fokus p\u00e5 h\u00e5llbarhet. K\u00e4nda m\u00e4rken som Allure Bridals, Demetrios, Justin Alexander och Rosa Clar\u00e1 Group visade upp sina kollektioner f\u00f6r 2026, och inspirerade b\u00e5de med klassisk elegans och moderna uttryck.<\/p>\n\n\n\n<p>Programmet bj\u00f6d p\u00e5 spektakul\u00e4ra modevisningar och m\u00e5nga m\u00f6jligheter till n\u00e4tverkande, bland annat informella &#8221;Meet &amp; Greet&#8221;-tr\u00e4ffar. European Bridal Week 2025 blev en tydlig markering av branschens f\u00f6rm\u00e5ga att f\u00f6rnya sig \u2013 med stil, samarbete och framtidstro.<\/p>\n\n\n\n<p>Planerna \u00e4r redan klara f\u00f6r m\u00e4ssan 2026, som \u00e5terigen kommer att h\u00e5llas p\u00e5 <strong>Messe Essen 28\u201330 mars 2026.<\/strong> M\u00e4ssan arrangeras medvetet tidigt p\u00e5 s\u00e4songen f\u00f6r att m\u00f6jligg\u00f6ra leveranser till \u00e5terf\u00f6rs\u00e4ljarna n\u00e4r de har som mest att g\u00f6ra.<\/p>\n\n\n\n<h2 class=\"wp-block-heading\">Snapshots fr\u00e5n m\u00e4ssan!<\/h2>\n\n\n\n<div class=\"wp-block-columns is-layout-flex wp-container-core-columns-is-layout-9d6595d7 wp-block-columns-is-layout-flex\">\n<div class=\"wp-block-column is-layout-flow wp-block-column-is-layout-flow\">\n<figure class=\"wp-block-image size-large\"><img loading=\"lazy\" decoding=\"async\" width=\"1024\" height=\"683\" src=\"https:\/\/www.nordicbridal.com\/wp-content\/uploads\/2025\/06\/EBW_fashionshow_MKL-106-1024x683.jpg\" alt=\"\" class=\"wp-image-4182\" srcset=\"https:\/\/www.nordicbridal.com\/wp-content\/uploads\/2025\/06\/EBW_fashionshow_MKL-106-1024x683.jpg 1024w, https:\/\/www.nordicbridal.com\/wp-content\/uploads\/2025\/06\/EBW_fashionshow_MKL-106-300x200.jpg 300w, https:\/\/www.nordicbridal.com\/wp-content\/uploads\/2025\/06\/EBW_fashionshow_MKL-106-768x512.jpg 768w, https:\/\/www.nordicbridal.com\/wp-content\/uploads\/2025\/06\/EBW_fashionshow_MKL-106-1536x1024.jpg 1536w, https:\/\/www.nordicbridal.com\/wp-content\/uploads\/2025\/06\/EBW_fashionshow_MKL-106-2048x1365.jpg 2048w\" sizes=\"auto, (max-width: 1024px) 100vw, 1024px\" \/><\/figure>\n\n\n\n<p>Helene Beckeman fr\u00e5n Nordic Agency Group representerade Morilee \/ Veni Infantino.<\/p>\n<\/div>\n\n\n\n<div class=\"wp-block-column is-layout-flow wp-block-column-is-layout-flow\">\n<figure class=\"wp-block-image size-large\"><img loading=\"lazy\" decoding=\"async\" width=\"1024\" height=\"683\" src=\"https:\/\/www.nordicbridal.com\/wp-content\/uploads\/2025\/06\/EBW_fashionshow_MKL-121-1024x683.jpg\" alt=\"\" class=\"wp-image-4183\" srcset=\"https:\/\/www.nordicbridal.com\/wp-content\/uploads\/2025\/06\/EBW_fashionshow_MKL-121-1024x683.jpg 1024w, https:\/\/www.nordicbridal.com\/wp-content\/uploads\/2025\/06\/EBW_fashionshow_MKL-121-300x200.jpg 300w, https:\/\/www.nordicbridal.com\/wp-content\/uploads\/2025\/06\/EBW_fashionshow_MKL-121-768x512.jpg 768w, https:\/\/www.nordicbridal.com\/wp-content\/uploads\/2025\/06\/EBW_fashionshow_MKL-121-1536x1024.jpg 1536w, https:\/\/www.nordicbridal.com\/wp-content\/uploads\/2025\/06\/EBW_fashionshow_MKL-121-2048x1365.jpg 2048w\" sizes=\"auto, (max-width: 1024px) 100vw, 1024px\" \/><\/figure>\n\n\n\n<p>Hans och Charlotte (Lykke Brudekjoler) k\u00f6pte in nya kl\u00e4nningar till butiken.<\/p>\n<\/div>\n<\/div>\n\n\n\n<figure class=\"wp-block-gallery has-nested-images columns-2 is-cropped wp-block-gallery-2 is-layout-flex wp-block-gallery-is-layout-flex\">\n<figure class=\"wp-block-image size-large\"><img loading=\"lazy\" decoding=\"async\" width=\"1024\" height=\"683\" data-id=\"4184\" src=\"https:\/\/www.nordicbridal.com\/wp-content\/uploads\/2025\/06\/EBW_fashionshow_MKL-122-1024x683.jpg\" alt=\"\" class=\"wp-image-4184\" srcset=\"https:\/\/www.nordicbridal.com\/wp-content\/uploads\/2025\/06\/EBW_fashionshow_MKL-122-1024x683.jpg 1024w, https:\/\/www.nordicbridal.com\/wp-content\/uploads\/2025\/06\/EBW_fashionshow_MKL-122-300x200.jpg 300w, https:\/\/www.nordicbridal.com\/wp-content\/uploads\/2025\/06\/EBW_fashionshow_MKL-122-768x512.jpg 768w, https:\/\/www.nordicbridal.com\/wp-content\/uploads\/2025\/06\/EBW_fashionshow_MKL-122-1536x1024.jpg 1536w, https:\/\/www.nordicbridal.com\/wp-content\/uploads\/2025\/06\/EBW_fashionshow_MKL-122-2048x1365.jpg 2048w\" sizes=\"auto, (max-width: 1024px) 100vw, 1024px\" \/><\/figure>\n<\/figure>\n\n\n\n<p>V\u00e5r Nordic Lounge uppskattades. En paus i shoppingrundan och ett glas bubbel var popul\u00e4rt b\u00e5de f\u00f6r butiker och leverant\u00f6rer.<\/p>\n\n\n\n<figure class=\"wp-block-gallery has-nested-images columns-3 wp-block-gallery-3 is-layout-flex wp-block-gallery-is-layout-flex\">\n<figure class=\"wp-block-image size-full\"><a href=\"https:\/\/www.nordicbridal.com\/wp-content\/uploads\/2025\/06\/EBW_fashionshow_MKL-113-scaled.jpg\"><img loading=\"lazy\" decoding=\"async\" width=\"2560\" height=\"1707\" data-id=\"4186\" src=\"https:\/\/www.nordicbridal.com\/wp-content\/uploads\/2025\/06\/EBW_fashionshow_MKL-113-scaled.jpg\" alt=\"\" class=\"wp-image-4186\" srcset=\"https:\/\/www.nordicbridal.com\/wp-content\/uploads\/2025\/06\/EBW_fashionshow_MKL-113-scaled.jpg 2560w, https:\/\/www.nordicbridal.com\/wp-content\/uploads\/2025\/06\/EBW_fashionshow_MKL-113-300x200.jpg 300w, https:\/\/www.nordicbridal.com\/wp-content\/uploads\/2025\/06\/EBW_fashionshow_MKL-113-1024x683.jpg 1024w, https:\/\/www.nordicbridal.com\/wp-content\/uploads\/2025\/06\/EBW_fashionshow_MKL-113-768x512.jpg 768w, https:\/\/www.nordicbridal.com\/wp-content\/uploads\/2025\/06\/EBW_fashionshow_MKL-113-1536x1024.jpg 1536w, https:\/\/www.nordicbridal.com\/wp-content\/uploads\/2025\/06\/EBW_fashionshow_MKL-113-2048x1365.jpg 2048w\" sizes=\"auto, (max-width: 2560px) 100vw, 2560px\" \/><\/a><\/figure>\n\n\n\n<figure class=\"wp-block-image size-full\"><a href=\"https:\/\/www.nordicbridal.com\/wp-content\/uploads\/2025\/06\/EBW_fashionshow_MKL-105-scaled.jpg\"><img loading=\"lazy\" decoding=\"async\" width=\"2560\" height=\"1707\" data-id=\"4187\" src=\"https:\/\/www.nordicbridal.com\/wp-content\/uploads\/2025\/06\/EBW_fashionshow_MKL-105-scaled.jpg\" alt=\"\" class=\"wp-image-4187\" srcset=\"https:\/\/www.nordicbridal.com\/wp-content\/uploads\/2025\/06\/EBW_fashionshow_MKL-105-scaled.jpg 2560w, https:\/\/www.nordicbridal.com\/wp-content\/uploads\/2025\/06\/EBW_fashionshow_MKL-105-300x200.jpg 300w, https:\/\/www.nordicbridal.com\/wp-content\/uploads\/2025\/06\/EBW_fashionshow_MKL-105-1024x683.jpg 1024w, https:\/\/www.nordicbridal.com\/wp-content\/uploads\/2025\/06\/EBW_fashionshow_MKL-105-768x512.jpg 768w, https:\/\/www.nordicbridal.com\/wp-content\/uploads\/2025\/06\/EBW_fashionshow_MKL-105-1536x1024.jpg 1536w, https:\/\/www.nordicbridal.com\/wp-content\/uploads\/2025\/06\/EBW_fashionshow_MKL-105-2048x1365.jpg 2048w\" sizes=\"auto, (max-width: 2560px) 100vw, 2560px\" \/><\/a><\/figure>\n<\/figure>\n\n\n\n<div class=\"wp-block-columns is-layout-flex wp-container-core-columns-is-layout-9d6595d7 wp-block-columns-is-layout-flex\">\n<div class=\"wp-block-column is-layout-flow wp-block-column-is-layout-flow\">\n<p>Azuree Bridal st\u00e4llde ut f\u00f6r f\u00f6rsta g\u00e5ngen \u2013 med en imponerande kollektion!<\/p>\n<\/div>\n\n\n\n<div class=\"wp-block-column is-layout-flow wp-block-column-is-layout-flow\">\n<p>Modellerna gjorde ett fantastiskt jobb med att visa upp brudkl\u00e4nningarna.<\/p>\n<\/div>\n<\/div>\n\n\n\n<h2 class=\"wp-block-heading\">\u00c5terf\u00f6rs\u00e4ljare i fokus<\/h2>\n\n\n\n<p>M\u00e4ssan lockade \u00e5terf\u00f6rs\u00e4ljare fr\u00e5n \u00f6ver 54 l\u00e4nder, inklusive \u00f6ver femtio nordiska br\u00f6llopsbutiker. Dessa tog tillf\u00e4llet i akt att utforska nya kollektioner och etablera samarbeten med designers. Det fanns stort intresse f\u00f6r kollektioner som kombinerar kvalitet med tillg\u00e4nglighet, s\u00e4rskilt de som erbjuder flexibla leveransalternativ och konkurrenskraftiga priser.<\/p>\n\n\n\n<h2 class=\"wp-block-heading\">Branschens egna ord<\/h2>\n\n\n\n<p>Responsen fr\u00e5n utst\u00e4llarna var \u00f6verv\u00e4ldigande positiv, och m\u00e5nga lyfte fram evenemangets professionella organisering och stora betydelse f\u00f6r innovation i branschen:<\/p>\n\n\n\n<p><em>\u201c\u00c5rets European Bridal Week i Essen var en fantastisk upplevelse f\u00f6r oss. Efter att ha mottagit EBW-priset f\u00f6r B\u00e4sta Bal- och Festkl\u00e4nningsm\u00e4rke f\u00f6rra \u00e5ret, var vi mycket n\u00f6jda med mottagandet av v\u00e5r nya 2026-kollektion. Antalet bes\u00f6kare \u00f6vertr\u00e4ffade alla f\u00f6rv\u00e4ntningar, och det bekr\u00e4ftar \u00e5terigen att EBW \u00e4r en av de ledande m\u00f6tesplatserna f\u00f6r brud- och festmode i Europa.\u201d<\/em><br>\u2013 <strong>Christian K\u00f6hlert<\/strong>, \u00e4gare och VD f\u00f6r Christian Koehlert<\/p>\n\n\n\n<p><em>\u201cVi \u00e4r otroligt tacksamma f\u00f6r den professionella organiseringen av European Bridal Week. Det var ett fantastiskt tillf\u00e4lle att m\u00f6ta v\u00e5ra europeiska partners och presentera v\u00e5r nya kollektion. Resultaten \u00f6vertr\u00e4ffade v\u00e5ra f\u00f6rv\u00e4ntningar, och vi ser redan fram emot n\u00e4sta \u00e5r!\u201d<\/em><br>\u2013 <strong>Adrian Latoszek<\/strong>, \u00e4gare av Dama Couture<\/p>\n\n\n\n<p><em>\u201cEuropean Bridal Week \u2013 f\u00f6r oss \u00e4r det som en hemmamatch med garanterad framg\u00e5ng!\u201d<\/em><br>\u2013 <strong>Irina Donner<\/strong>, \u00e4gare av Euro Mode Donner | Diane Legrand<\/p>\n\n\n\n<figure class=\"wp-block-gallery has-nested-images columns-default is-cropped wp-block-gallery-4 is-layout-flex wp-block-gallery-is-layout-flex\">\n<figure class=\"wp-block-image size-large\"><img loading=\"lazy\" decoding=\"async\" width=\"683\" height=\"1024\" data-id=\"4200\" src=\"https:\/\/www.nordicbridal.com\/wp-content\/uploads\/2025\/06\/EBW_fashionshow_MKL-139-683x1024.jpg\" alt=\"European Bridal Week 2025\" class=\"wp-image-4200\" srcset=\"https:\/\/www.nordicbridal.com\/wp-content\/uploads\/2025\/06\/EBW_fashionshow_MKL-139-683x1024.jpg 683w, https:\/\/www.nordicbridal.com\/wp-content\/uploads\/2025\/06\/EBW_fashionshow_MKL-139-200x300.jpg 200w, https:\/\/www.nordicbridal.com\/wp-content\/uploads\/2025\/06\/EBW_fashionshow_MKL-139-768x1152.jpg 768w, https:\/\/www.nordicbridal.com\/wp-content\/uploads\/2025\/06\/EBW_fashionshow_MKL-139-1024x1536.jpg 1024w, https:\/\/www.nordicbridal.com\/wp-content\/uploads\/2025\/06\/EBW_fashionshow_MKL-139-1365x2048.jpg 1365w, https:\/\/www.nordicbridal.com\/wp-content\/uploads\/2025\/06\/EBW_fashionshow_MKL-139-scaled.jpg 1707w\" sizes=\"auto, (max-width: 683px) 100vw, 683px\" \/><\/figure>\n\n\n\n<figure class=\"wp-block-image size-large\"><img loading=\"lazy\" decoding=\"async\" width=\"683\" height=\"1024\" data-id=\"4204\" src=\"https:\/\/www.nordicbridal.com\/wp-content\/uploads\/2025\/06\/EBW_fashionshow_MKL-302-683x1024.jpg\" alt=\"European Bridal Week 2025\" class=\"wp-image-4204\" srcset=\"https:\/\/www.nordicbridal.com\/wp-content\/uploads\/2025\/06\/EBW_fashionshow_MKL-302-683x1024.jpg 683w, https:\/\/www.nordicbridal.com\/wp-content\/uploads\/2025\/06\/EBW_fashionshow_MKL-302-200x300.jpg 200w, https:\/\/www.nordicbridal.com\/wp-content\/uploads\/2025\/06\/EBW_fashionshow_MKL-302-768x1152.jpg 768w, https:\/\/www.nordicbridal.com\/wp-content\/uploads\/2025\/06\/EBW_fashionshow_MKL-302-1024x1536.jpg 1024w, https:\/\/www.nordicbridal.com\/wp-content\/uploads\/2025\/06\/EBW_fashionshow_MKL-302-1365x2048.jpg 1365w, https:\/\/www.nordicbridal.com\/wp-content\/uploads\/2025\/06\/EBW_fashionshow_MKL-302-scaled.jpg 1707w\" sizes=\"auto, (max-width: 683px) 100vw, 683px\" \/><\/figure>\n\n\n\n<figure class=\"wp-block-image size-large\"><img loading=\"lazy\" decoding=\"async\" width=\"683\" height=\"1024\" data-id=\"4199\" src=\"https:\/\/www.nordicbridal.com\/wp-content\/uploads\/2025\/06\/EBW_fashionshow_MKL-138-683x1024.jpg\" alt=\"European Bridal Week 2025\" class=\"wp-image-4199\" srcset=\"https:\/\/www.nordicbridal.com\/wp-content\/uploads\/2025\/06\/EBW_fashionshow_MKL-138-683x1024.jpg 683w, https:\/\/www.nordicbridal.com\/wp-content\/uploads\/2025\/06\/EBW_fashionshow_MKL-138-200x300.jpg 200w, https:\/\/www.nordicbridal.com\/wp-content\/uploads\/2025\/06\/EBW_fashionshow_MKL-138-768x1152.jpg 768w, https:\/\/www.nordicbridal.com\/wp-content\/uploads\/2025\/06\/EBW_fashionshow_MKL-138-1024x1536.jpg 1024w, https:\/\/www.nordicbridal.com\/wp-content\/uploads\/2025\/06\/EBW_fashionshow_MKL-138-1365x2048.jpg 1365w, https:\/\/www.nordicbridal.com\/wp-content\/uploads\/2025\/06\/EBW_fashionshow_MKL-138-scaled.jpg 1707w\" sizes=\"auto, (max-width: 683px) 100vw, 683px\" \/><\/figure>\n\n\n\n<figure class=\"wp-block-image size-large\"><img loading=\"lazy\" decoding=\"async\" width=\"683\" height=\"1024\" data-id=\"4198\" src=\"https:\/\/www.nordicbridal.com\/wp-content\/uploads\/2025\/06\/EBW_fashionshow_MKL-125-683x1024.jpg\" alt=\"European Bridal Week 2025\" class=\"wp-image-4198\" srcset=\"https:\/\/www.nordicbridal.com\/wp-content\/uploads\/2025\/06\/EBW_fashionshow_MKL-125-683x1024.jpg 683w, https:\/\/www.nordicbridal.com\/wp-content\/uploads\/2025\/06\/EBW_fashionshow_MKL-125-200x300.jpg 200w, https:\/\/www.nordicbridal.com\/wp-content\/uploads\/2025\/06\/EBW_fashionshow_MKL-125-768x1152.jpg 768w, https:\/\/www.nordicbridal.com\/wp-content\/uploads\/2025\/06\/EBW_fashionshow_MKL-125-1024x1536.jpg 1024w, https:\/\/www.nordicbridal.com\/wp-content\/uploads\/2025\/06\/EBW_fashionshow_MKL-125-1365x2048.jpg 1365w, https:\/\/www.nordicbridal.com\/wp-content\/uploads\/2025\/06\/EBW_fashionshow_MKL-125-scaled.jpg 1707w\" sizes=\"auto, (max-width: 683px) 100vw, 683px\" \/><\/figure>\n\n\n\n<figure class=\"wp-block-image size-large\"><img loading=\"lazy\" decoding=\"async\" width=\"683\" height=\"1024\" data-id=\"4197\" src=\"https:\/\/www.nordicbridal.com\/wp-content\/uploads\/2025\/06\/EBW_fashionshow_MKL-110-683x1024.jpg\" alt=\"European Bridal Week 2025\" class=\"wp-image-4197\" srcset=\"https:\/\/www.nordicbridal.com\/wp-content\/uploads\/2025\/06\/EBW_fashionshow_MKL-110-683x1024.jpg 683w, https:\/\/www.nordicbridal.com\/wp-content\/uploads\/2025\/06\/EBW_fashionshow_MKL-110-200x300.jpg 200w, https:\/\/www.nordicbridal.com\/wp-content\/uploads\/2025\/06\/EBW_fashionshow_MKL-110-768x1152.jpg 768w, https:\/\/www.nordicbridal.com\/wp-content\/uploads\/2025\/06\/EBW_fashionshow_MKL-110-1024x1536.jpg 1024w, https:\/\/www.nordicbridal.com\/wp-content\/uploads\/2025\/06\/EBW_fashionshow_MKL-110-1365x2048.jpg 1365w, https:\/\/www.nordicbridal.com\/wp-content\/uploads\/2025\/06\/EBW_fashionshow_MKL-110-scaled.jpg 1707w\" sizes=\"auto, (max-width: 683px) 100vw, 683px\" \/><\/figure>\n\n\n\n<figure class=\"wp-block-image size-large\"><img loading=\"lazy\" decoding=\"async\" width=\"683\" height=\"1024\" data-id=\"4196\" src=\"https:\/\/www.nordicbridal.com\/wp-content\/uploads\/2025\/06\/EBW_fashionshow_MKL-107-683x1024.jpg\" alt=\"European Bridal Week 2025\" class=\"wp-image-4196\" srcset=\"https:\/\/www.nordicbridal.com\/wp-content\/uploads\/2025\/06\/EBW_fashionshow_MKL-107-683x1024.jpg 683w, https:\/\/www.nordicbridal.com\/wp-content\/uploads\/2025\/06\/EBW_fashionshow_MKL-107-200x300.jpg 200w, https:\/\/www.nordicbridal.com\/wp-content\/uploads\/2025\/06\/EBW_fashionshow_MKL-107-768x1152.jpg 768w, https:\/\/www.nordicbridal.com\/wp-content\/uploads\/2025\/06\/EBW_fashionshow_MKL-107-1024x1536.jpg 1024w, https:\/\/www.nordicbridal.com\/wp-content\/uploads\/2025\/06\/EBW_fashionshow_MKL-107-1365x2048.jpg 1365w, https:\/\/www.nordicbridal.com\/wp-content\/uploads\/2025\/06\/EBW_fashionshow_MKL-107-scaled.jpg 1707w\" sizes=\"auto, (max-width: 683px) 100vw, 683px\" \/><\/figure>\n\n\n\n<figure class=\"wp-block-image size-large\"><img loading=\"lazy\" decoding=\"async\" width=\"683\" height=\"1024\" data-id=\"4195\" src=\"https:\/\/www.nordicbridal.com\/wp-content\/uploads\/2025\/06\/EBW_fashionshow_MKL-103-683x1024.jpg\" alt=\"European Bridal Week 2025\" class=\"wp-image-4195\" srcset=\"https:\/\/www.nordicbridal.com\/wp-content\/uploads\/2025\/06\/EBW_fashionshow_MKL-103-683x1024.jpg 683w, https:\/\/www.nordicbridal.com\/wp-content\/uploads\/2025\/06\/EBW_fashionshow_MKL-103-200x300.jpg 200w, https:\/\/www.nordicbridal.com\/wp-content\/uploads\/2025\/06\/EBW_fashionshow_MKL-103-768x1152.jpg 768w, https:\/\/www.nordicbridal.com\/wp-content\/uploads\/2025\/06\/EBW_fashionshow_MKL-103-1024x1536.jpg 1024w, https:\/\/www.nordicbridal.com\/wp-content\/uploads\/2025\/06\/EBW_fashionshow_MKL-103-1365x2048.jpg 1365w, https:\/\/www.nordicbridal.com\/wp-content\/uploads\/2025\/06\/EBW_fashionshow_MKL-103-scaled.jpg 1707w\" sizes=\"auto, (max-width: 683px) 100vw, 683px\" \/><\/figure>\n\n\n\n<figure class=\"wp-block-image size-large\"><img loading=\"lazy\" decoding=\"async\" width=\"683\" height=\"1024\" data-id=\"4194\" src=\"https:\/\/www.nordicbridal.com\/wp-content\/uploads\/2025\/06\/EBW_fashionshow_MKL-098-683x1024.jpg\" alt=\"European Bridal Week 2025\" class=\"wp-image-4194\" srcset=\"https:\/\/www.nordicbridal.com\/wp-content\/uploads\/2025\/06\/EBW_fashionshow_MKL-098-683x1024.jpg 683w, https:\/\/www.nordicbridal.com\/wp-content\/uploads\/2025\/06\/EBW_fashionshow_MKL-098-200x300.jpg 200w, https:\/\/www.nordicbridal.com\/wp-content\/uploads\/2025\/06\/EBW_fashionshow_MKL-098-768x1152.jpg 768w, https:\/\/www.nordicbridal.com\/wp-content\/uploads\/2025\/06\/EBW_fashionshow_MKL-098-1024x1536.jpg 1024w, https:\/\/www.nordicbridal.com\/wp-content\/uploads\/2025\/06\/EBW_fashionshow_MKL-098-1365x2048.jpg 1365w, https:\/\/www.nordicbridal.com\/wp-content\/uploads\/2025\/06\/EBW_fashionshow_MKL-098-scaled.jpg 1707w\" sizes=\"auto, (max-width: 683px) 100vw, 683px\" \/><\/figure>\n\n\n\n<figure class=\"wp-block-image size-large\"><img loading=\"lazy\" decoding=\"async\" width=\"683\" height=\"1024\" data-id=\"4193\" src=\"https:\/\/www.nordicbridal.com\/wp-content\/uploads\/2025\/06\/EBW_fashionshow_MKL-096-683x1024.jpg\" alt=\"European Bridal Week 2025\" class=\"wp-image-4193\" srcset=\"https:\/\/www.nordicbridal.com\/wp-content\/uploads\/2025\/06\/EBW_fashionshow_MKL-096-683x1024.jpg 683w, https:\/\/www.nordicbridal.com\/wp-content\/uploads\/2025\/06\/EBW_fashionshow_MKL-096-200x300.jpg 200w, https:\/\/www.nordicbridal.com\/wp-content\/uploads\/2025\/06\/EBW_fashionshow_MKL-096-768x1152.jpg 768w, https:\/\/www.nordicbridal.com\/wp-content\/uploads\/2025\/06\/EBW_fashionshow_MKL-096-1024x1536.jpg 1024w, https:\/\/www.nordicbridal.com\/wp-content\/uploads\/2025\/06\/EBW_fashionshow_MKL-096-1365x2048.jpg 1365w, https:\/\/www.nordicbridal.com\/wp-content\/uploads\/2025\/06\/EBW_fashionshow_MKL-096-scaled.jpg 1707w\" sizes=\"auto, (max-width: 683px) 100vw, 683px\" \/><\/figure>\n\n\n\n<figure class=\"wp-block-image size-large\"><img loading=\"lazy\" decoding=\"async\" width=\"683\" height=\"1024\" data-id=\"4192\" src=\"https:\/\/www.nordicbridal.com\/wp-content\/uploads\/2025\/06\/EBW_fashionshow_MKL-094-683x1024.jpg\" alt=\"European Bridal Week 2025\" class=\"wp-image-4192\" srcset=\"https:\/\/www.nordicbridal.com\/wp-content\/uploads\/2025\/06\/EBW_fashionshow_MKL-094-683x1024.jpg 683w, https:\/\/www.nordicbridal.com\/wp-content\/uploads\/2025\/06\/EBW_fashionshow_MKL-094-200x300.jpg 200w, https:\/\/www.nordicbridal.com\/wp-content\/uploads\/2025\/06\/EBW_fashionshow_MKL-094-768x1152.jpg 768w, https:\/\/www.nordicbridal.com\/wp-content\/uploads\/2025\/06\/EBW_fashionshow_MKL-094-1024x1536.jpg 1024w, https:\/\/www.nordicbridal.com\/wp-content\/uploads\/2025\/06\/EBW_fashionshow_MKL-094-1365x2048.jpg 1365w, https:\/\/www.nordicbridal.com\/wp-content\/uploads\/2025\/06\/EBW_fashionshow_MKL-094-scaled.jpg 1707w\" sizes=\"auto, (max-width: 683px) 100vw, 683px\" \/><\/figure>\n\n\n\n<figure class=\"wp-block-image size-large\"><img loading=\"lazy\" decoding=\"async\" width=\"683\" height=\"1024\" data-id=\"4191\" src=\"https:\/\/www.nordicbridal.com\/wp-content\/uploads\/2025\/06\/EBW_fashionshow_MKL-088-683x1024.jpg\" alt=\"European Bridal Week 2025\" class=\"wp-image-4191\" srcset=\"https:\/\/www.nordicbridal.com\/wp-content\/uploads\/2025\/06\/EBW_fashionshow_MKL-088-683x1024.jpg 683w, https:\/\/www.nordicbridal.com\/wp-content\/uploads\/2025\/06\/EBW_fashionshow_MKL-088-200x300.jpg 200w, https:\/\/www.nordicbridal.com\/wp-content\/uploads\/2025\/06\/EBW_fashionshow_MKL-088-768x1152.jpg 768w, https:\/\/www.nordicbridal.com\/wp-content\/uploads\/2025\/06\/EBW_fashionshow_MKL-088-1024x1536.jpg 1024w, https:\/\/www.nordicbridal.com\/wp-content\/uploads\/2025\/06\/EBW_fashionshow_MKL-088-1365x2048.jpg 1365w, https:\/\/www.nordicbridal.com\/wp-content\/uploads\/2025\/06\/EBW_fashionshow_MKL-088-scaled.jpg 1707w\" sizes=\"auto, (max-width: 683px) 100vw, 683px\" \/><\/figure>\n\n\n\n<figure class=\"wp-block-image size-large\"><img loading=\"lazy\" decoding=\"async\" width=\"683\" height=\"1024\" data-id=\"4189\" src=\"https:\/\/www.nordicbridal.com\/wp-content\/uploads\/2025\/06\/EBW_fashionshow_MKL-059-683x1024.jpg\" alt=\"European Bridal Week 2025\" class=\"wp-image-4189\" srcset=\"https:\/\/www.nordicbridal.com\/wp-content\/uploads\/2025\/06\/EBW_fashionshow_MKL-059-683x1024.jpg 683w, https:\/\/www.nordicbridal.com\/wp-content\/uploads\/2025\/06\/EBW_fashionshow_MKL-059-200x300.jpg 200w, https:\/\/www.nordicbridal.com\/wp-content\/uploads\/2025\/06\/EBW_fashionshow_MKL-059-768x1152.jpg 768w, https:\/\/www.nordicbridal.com\/wp-content\/uploads\/2025\/06\/EBW_fashionshow_MKL-059-1024x1536.jpg 1024w, https:\/\/www.nordicbridal.com\/wp-content\/uploads\/2025\/06\/EBW_fashionshow_MKL-059-1365x2048.jpg 1365w, https:\/\/www.nordicbridal.com\/wp-content\/uploads\/2025\/06\/EBW_fashionshow_MKL-059-scaled.jpg 1707w\" sizes=\"auto, (max-width: 683px) 100vw, 683px\" \/><\/figure>\n<\/figure>\n\n\n\n<figure class=\"wp-block-gallery has-nested-images columns-1 is-cropped wp-block-gallery-5 is-layout-flex wp-block-gallery-is-layout-flex\">\n<figure class=\"wp-block-image size-large\"><img loading=\"lazy\" decoding=\"async\" width=\"1024\" height=\"683\" data-id=\"4185\" src=\"https:\/\/www.nordicbridal.com\/wp-content\/uploads\/2025\/06\/EBW_fashionshow_MKL-085-1024x683.jpg\" alt=\"\" class=\"wp-image-4185\" srcset=\"https:\/\/www.nordicbridal.com\/wp-content\/uploads\/2025\/06\/EBW_fashionshow_MKL-085-1024x683.jpg 1024w, https:\/\/www.nordicbridal.com\/wp-content\/uploads\/2025\/06\/EBW_fashionshow_MKL-085-300x200.jpg 300w, https:\/\/www.nordicbridal.com\/wp-content\/uploads\/2025\/06\/EBW_fashionshow_MKL-085-768x512.jpg 768w, https:\/\/www.nordicbridal.com\/wp-content\/uploads\/2025\/06\/EBW_fashionshow_MKL-085-1536x1024.jpg 1536w, https:\/\/www.nordicbridal.com\/wp-content\/uploads\/2025\/06\/EBW_fashionshow_MKL-085-2048x1365.jpg 2048w\" sizes=\"auto, (max-width: 1024px) 100vw, 1024px\" \/><\/figure>\n<\/figure>\n\n\n\n<h2 class=\"wp-block-heading\">Vi ses igen n\u00e4sta \u00e5r! <\/h2>\n\n\n\n<p><strong> Save the date! <strong>28-30. mars 2026<\/strong><\/strong>, <strong>Messe Essen<\/strong><\/p>\n\n\n\n<div style=\"height:47px\" aria-hidden=\"true\" class=\"wp-block-spacer\"><\/div>\n\n\n\n<p><\/p>\n","protected":false},"excerpt":{"rendered":"<p>En underbar m\u00e4ssa fylld av entusiasm, kreativitet och fokus p\u00e5 h\u00e5llbarhet. &hellip; <a href=\"https:\/\/www.nordicbridal.com\/sv\/european-bridal-week-a-success-2\/\" class=\"more-link\"><span class=\"more-button\">L\u00e4s Mer<span class=\"screen-reader-text\">European Bridal Week 2025<\/span><\/span><\/a><\/p>\n","protected":false},"author":2,"featured_media":4185,"comment_status":"closed","ping_status":"open","sticky":false,"template":"","format":"standard","meta":{"footnotes":""},"categories":[7,9],"tags":[],"class_list":["post-4179","post","type-post","status-publish","format-standard","has-post-thumbnail","hentry","category-news","category-tradeshows"],"translation":{"provider":"WPGlobus","version":"3.0.2","language":"sv","enabled_languages":["en","sv","no","da","fi"],"languages":{"en":{"title":true,"content":true,"excerpt":true},"sv":{"title":true,"content":true,"excerpt":true},"no":{"title":true,"content":true,"excerpt":true},"da":{"title":true,"content":true,"excerpt":true},"fi":{"title":true,"content":true,"excerpt":true}}},"_links":{"self":[{"href":"https:\/\/www.nordicbridal.com\/sv\/wp-json\/wp\/v2\/posts\/4179","targetHints":{"allow":["GET"]}}],"collection":[{"href":"https:\/\/www.nordicbridal.com\/sv\/wp-json\/wp\/v2\/posts"}],"about":[{"href":"https:\/\/www.nordicbridal.com\/sv\/wp-json\/wp\/v2\/types\/post"}],"author":[{"embeddable":true,"href":"https:\/\/www.nordicbridal.com\/sv\/wp-json\/wp\/v2\/users\/2"}],"replies":[{"embeddable":true,"href":"https:\/\/www.nordicbridal.com\/sv\/wp-json\/wp\/v2\/comments?post=4179"}],"version-history":[{"count":23,"href":"https:\/\/www.nordicbridal.com\/sv\/wp-json\/wp\/v2\/posts\/4179\/revisions"}],"predecessor-version":[{"id":4234,"href":"https:\/\/www.nordicbridal.com\/sv\/wp-json\/wp\/v2\/posts\/4179\/revisions\/4234"}],"wp:featuredmedia":[{"embeddable":true,"href":"https:\/\/www.nordicbridal.com\/sv\/wp-json\/wp\/v2\/media\/4185"}],"wp:attachment":[{"href":"https:\/\/www.nordicbridal.com\/sv\/wp-json\/wp\/v2\/media?parent=4179"}],"wp:term":[{"taxonomy":"category","embeddable":true,"href":"https:\/\/www.nordicbridal.com\/sv\/wp-json\/wp\/v2\/categories?post=4179"},{"taxonomy":"post_tag","embeddable":true,"href":"https:\/\/www.nordicbridal.com\/sv\/wp-json\/wp\/v2\/tags?post=4179"}],"curies":[{"name":"wp","href":"https:\/\/api.w.org\/{rel}","templated":true}]}}